{"id":157472,"date":"2020-03-26T20:20:20","date_gmt":"2020-03-26T23:20:20","guid":{"rendered":"https:\/\/diarioregionaldigital.com.br\/?p=157472"},"modified":"2020-03-26T20:20:20","modified_gmt":"2020-03-26T23:20:20","slug":"secretaria-de-saude-de-minas-faz-coletiva-sobre-situacao-do-coronavirus-no-estado","status":"publish","type":"post","link":"https:\/\/diarioregionaldigital.com.br\/?p=157472","title":{"rendered":"Secretaria de Sa\u00fade de Minas faz coletiva sobre situa\u00e7\u00e3o do coronav\u00edrus no estado"},"content":{"rendered":"<p>A\u00a0Secretaria de Estado de Sa\u00fade de Minas Gerais (SES-MG)\u00a0promoveu, nesta quinta-feira (26\/3), na Cidade Administrativa, em Belo Horizonte, mais uma coletiva virtual, sobre a situa\u00e7\u00e3o do coronav\u00edrus no estado. O secret\u00e1rio de Sa\u00fade, Carlos Eduardo Amaral, anunciou novos aportes financeiros para o enfrentamento da pandemia de Covid-19.<\/p>\n<p>\u201cEstamos enviando um grande aporte financeiro para auxiliar munic\u00edpios e hospitais. Nesse contexto, estamos ampliando o custeio do Pro-Hosp para 100% do valor mensal para os hospitais \u00e2ncoras no atendimento das v\u00edtimas do Covid-19, beneficiando 141 institui\u00e7\u00f5es, no valor de R$ 71 milh\u00f5es que j\u00e1 est\u00e1 sendo processado. Al\u00e9m disso, haver\u00e1 um aporte excepcional de 25% do valor do Pr\u00f3-Hosp Gest\u00e3o Compartilhada para alguns hospitais da Regi\u00e3o Metropolitana de Belo Horizonte e, como \u00e9 esperado um aumento da demanda por consultas nas UPAS de todo o Estado, tamb\u00e9m haver\u00e1 um aporte financeiro de R$ 61 milh\u00f5es para auxiliar no financiamento dessas demandas. Por fim, haver\u00e1 um aporte para a Aten\u00e7\u00e3o Prim\u00e1ria de R$ 32 milh\u00f5es com o objetivo de auxiliar os munic\u00edpios na presta\u00e7\u00e3o de servi\u00e7os no \u00e2mbito da aten\u00e7\u00e3o prim\u00e1ria\u201d, explicou o secret\u00e1rio.<\/p>\n<p>A qualifica\u00e7\u00e3o de novos 67 leitos de UTI, feita pelo Minist\u00e9rio da Sa\u00fade, tamb\u00e9m foi abordada na ocasi\u00e3o. \u201cIsso gera um aumento significativo da capacidade operacional no estado e uma nova habilita\u00e7\u00e3o de mais 21 leitos, ou seja, o Estado progressivamente est\u00e1 conseguindo ampliar sua capacidade assistencial\u201d, afirmou.<\/p>\n<p><strong>Recurso federal<\/strong><\/p>\n<p>Em paralelo aos recursos estaduais anunciados na coletiva, no dia 16\/3, por meio da\u00a0Portaria de n\u00ba 395, houve a libera\u00e7\u00e3o do aporte financeiro do governo federal de R$ 42 milh\u00f5es para 221 hospitais de M\u00e9dia e Alta Complexidade do Estado.<\/p>\n<p><strong>Fluxo de notifica\u00e7\u00f5es<\/strong><\/p>\n<p>At\u00e9 esta quinta-feira (26\/3), segundo o boletim epidemiol\u00f3gico divulgado pela SES-MG, o estado apresenta 17.409 casos suspeitos; 153 casos confirmados e 0 \u00f3bitos. \u201cA secretaria acompanha de perto o crescimento das notifica\u00e7\u00f5es.\u00a0No entanto, \u00e9 fundamental que a sociedade entenda que notifica\u00e7\u00e3o n\u00e3o \u00e9 diagn\u00f3stico e n\u00e3o \u00e9 comprova\u00e7\u00e3o do coronav\u00edrus<strong>.<\/strong>\u00a0Como Minas Gerais est\u00e1 no est\u00e1gio de transmiss\u00e3o comunit\u00e1ria, a notifica\u00e7\u00e3o representa todo quadro gripal ou resfriado que s\u00e3o atendidos. Portanto, \u00e9 de se esperar que haja esse aumento de notifica\u00e7\u00f5es\u201d, avaliou o secret\u00e1rio.<\/p>\n<p>O subsecret\u00e1rio de Vigil\u00e2ncia em Sa\u00fade, Dario Brock Ramalho, explicou como funciona o fluxo de notifica\u00e7\u00e3o e de que forma a investiga\u00e7\u00e3o dos casos \u00e9 realizada. \u201cN\u00f3s dispomos de uma s\u00e9rie de sistemas. Os exames laboratoriais s\u00e3o analisados num sistema chamado GAL e os casos s\u00e3o inclusos em outro sistema denominado Redcap. Todo esse banco de dados \u00e9 qualificado e analisado frequentemente, a fim de eliminar discrep\u00e2ncias e poss\u00edveis erros. As equipes est\u00e3o empenhadas nesta an\u00e1lise. S\u00e3o v\u00e1rias etapas at\u00e9 que o dado seja consolidado a n\u00edvel federal e o n\u00famero total seja fechado. Como o processo \u00e9 muito din\u00e2mico e complexo, podem ocorrer diverg\u00eancias entre os n\u00fameros do estado e dos munic\u00edpios, o que \u00e9 absolutamente normal\u201d, explicou.<\/p>\n<p>Os kits de diagn\u00f3stico t\u00eam chegado ao estado de forma regular, no entanto, devido \u00e0 sobrecarga na assist\u00eancia em rela\u00e7\u00e3o \u00e0 pandemia e tamb\u00e9m na velocidade de notifica\u00e7\u00f5es, h\u00e1 uma certa demora na resposta dos resultados de exames. \u201cAtivamos um Plano de Conting\u00eancia laboratorial para cadastrar novos parceiros, mobilizando institui\u00e7\u00f5es p\u00fablicas e privadas e, dessa forma, procurar fazer frente \u00e0 taxa de ataque veloz do Covid-19\u201d, pontuou o subsecret\u00e1rio.<\/p>\n<p><strong>Isolamento social<\/strong><\/p>\n<p>O secret\u00e1rio abordou, ainda, a quest\u00e3o do isolamento social e classificou que, neste momento, ele \u00e9 fundamental para evitar o crescimento exponencial da pandemia. \u201c\u00c9 necess\u00e1rio que a popula\u00e7\u00e3o entenda que, a partir do momento em que o isolamento \u00e9 feito, h\u00e1 uma demora entre sete e 14 dias para que esse isolamento comece a dar resultado. Quanto mais r\u00e1pido ocorrer o aumento de casos, maior \u00e9 o estresse do ponto de vista assistencial, maior \u00e9 a dificuldade de atender os poss\u00edveis doentes. O isolamento tende a achatar a quantidade de casos que ocorrem a cada dia e isso permite que o SUS se adapte, prepare leitos e traga um atendimento melhor em sua presta\u00e7\u00e3o de servi\u00e7os. As press\u00f5es do setor econ\u00f4mico s\u00e3o importantes e de fato devem ser levadas em considera\u00e7\u00e3o, mas, neste momento, entendemos que o isolamento \u00e9 fundamental. Assim que tivermos informa\u00e7\u00f5es de que essas medidas est\u00e3o tendo de fato resultados, iremos reavaliar a situa\u00e7\u00e3o\u201d, pontuou.<\/p>\n<p>&nbsp;<\/p>\n<p><strong>Fonte:\u00a0<\/strong>Ag\u00eancia Minas<\/p>\n","protected":false},"excerpt":{"rendered":"<p>A\u00a0Secretaria de Estado de Sa\u00fade de Minas Gerais (SES-MG)\u00a0promoveu, nesta quinta-feira (26\/3), na Cidade Administrativa, em Belo Horizonte, mais uma coletiva virtual, sobre a situa\u00e7\u00e3o do coronav\u00edrus no estado. O secret\u00e1rio de Sa\u00fade, Carlos Eduardo Amaral, anunciou novos aportes financeiros para o enfrentamento da pandemia de Covid-19. \u201cEstamos enviando um grande aporte financeiro para auxiliar [&hellip;]<\/p>\n","protected":false},"author":96,"featured_media":157473,"comment_status":"closed","ping_status":"closed","sticky":false,"template":"","format":"standard","meta":{"footnotes":""},"categories":[436,440,254,439],"tags":[],"class_list":["post-157472","post","type-post","status-publish","format-standard","has-post-thumbnail","hentry","category-destaque-da-semana","category-destaques-do-dia","category-politica","category-ultima-hora"],"_links":{"self":[{"href":"https:\/\/diarioregionaldigital.com.br\/index.php?rest_route=\/wp\/v2\/posts\/157472","targetHints":{"allow":["GET"]}}],"collection":[{"href":"https:\/\/diarioregionaldigital.com.br\/index.php?rest_route=\/wp\/v2\/posts"}],"about":[{"href":"https:\/\/diarioregionaldigital.com.br\/index.php?rest_route=\/wp\/v2\/types\/post"}],"author":[{"embeddable":true,"href":"https:\/\/diarioregionaldigital.com.br\/index.php?rest_route=\/wp\/v2\/users\/96"}],"replies":[{"embeddable":true,"href":"https:\/\/diarioregionaldigital.com.br\/index.php?rest_route=%2Fwp%2Fv2%2Fcomments&post=157472"}],"version-history":[{"count":0,"href":"https:\/\/diarioregionaldigital.com.br\/index.php?rest_route=\/wp\/v2\/posts\/157472\/revisions"}],"wp:featuredmedia":[{"embeddable":true,"href":"https:\/\/diarioregionaldigital.com.br\/index.php?rest_route=\/wp\/v2\/media\/157473"}],"wp:attachment":[{"href":"https:\/\/diarioregionaldigital.com.br\/index.php?rest_route=%2Fwp%2Fv2%2Fmedia&parent=157472"}],"wp:term":[{"taxonomy":"category","embeddable":true,"href":"https:\/\/diarioregionaldigital.com.br\/index.php?rest_route=%2Fwp%2Fv2%2Fcategories&post=157472"},{"taxonomy":"post_tag","embeddable":true,"href":"https:\/\/diarioregionaldigital.com.br\/index.php?rest_route=%2Fwp%2Fv2%2Ftags&post=157472"}],"curies":[{"name":"wp","href":"https:\/\/api.w.org\/{rel}","templated":true}]}}