{"id":157459,"date":"2020-03-26T17:40:46","date_gmt":"2020-03-26T20:40:46","guid":{"rendered":"https:\/\/diarioregionaldigital.com.br\/?p=157459"},"modified":"2020-03-26T17:40:46","modified_gmt":"2020-03-26T20:40:46","slug":"brasil-tem-78-mortes-e-2-915-casos-confirmados-de-coronavirus","status":"publish","type":"post","link":"https:\/\/diarioregionaldigital.com.br\/?p=157459","title":{"rendered":"Brasil tem 78 mortes e 2.915 casos confirmados de coronav\u00edrus"},"content":{"rendered":"<p>Hoje (26) completa um m\u00eas do\u00a0primeiro caso confirmado\u00a0\u00a0do novo coronav\u00edrus (covid-19) no Brasil. Durante este per\u00edodo a pandemia produziu 78 mortes, conforme atualiza\u00e7\u00e3o do Minist\u00e9rio da Sa\u00fade divulgada hoje (26). A taxa de letalidade \u00e9 de 2,7%.<\/p>\n<p>Ontem, as mortes j\u00e1 haviam se expandido para al\u00e9m de S\u00e3o Paulo e do Rio de Janeiro, com falecimentos em Pernambuco, no Rio Grande do Sul e no Amazonas.<\/p>\n<p>Considerando um m\u00eas ap\u00f3s o primeiro infectado, o Brasil fica atr\u00e1s da China (213 mortes e 9.802 casos) mas a frente da It\u00e1lia (29 mortes e 1.694 casos).<\/p>\n<p>O total de casos confirmados saiu de 2.433 ontem para 2.915 casos. O resultado de hoje marcou um aumento de 54% nos casos em rela\u00e7\u00e3o ao in\u00edcio da semana, quando foram contabilizadas 1.891 pessoas infectadas.<\/p>\n<p><strong>Minist\u00e9rio da Sa\u00fade libera recursos<\/strong><\/p>\n<p>Mais\u00a0R$ 600 milh\u00f5es est\u00e3o sendo liberados\u00a0para estados e munic\u00edpios a fim de refor\u00e7arem o plano de conting\u00eancia para o enfrentamento da pandemia de\u00a0coronav\u00edrus (covid-19). Al\u00e9m disso, R$ 400 milh\u00f5es j\u00e1 haviam sido enviados a todos os estados este m\u00eas.<\/p>\n<p>A orienta\u00e7\u00e3o do Minist\u00e9rio da Sa\u00fade \u00e9 que cada estado defina com as prefeituras os valores destinados a\u00a0cada munic\u00edpio. O dinheiro poder\u00e1 ser utilizado em a\u00e7\u00f5es de assist\u00eancia, inclusive\u00a0para abertura de novos leitos ou custeio de leitos j\u00e1 existentes nos estados e munic\u00edpios.<\/p>\n<p><strong>S\u00e3o Paulo anuncia repasse<\/strong><\/p>\n<p>O governador de S\u00e3o Paulo, Jo\u00e3o Doria, anunciou hoje o repasse de\u00a0R$ 218 milh\u00f5es para 80 munic\u00edpios do estado com mais de 100 mil habitantes para a\u00e7\u00f5es que minimizem efeitos da pandemia do novo coronav\u00edrus. O repasse ter\u00e1 in\u00edcio no dia 3 de abril e n\u00e3o inclui a capital.<\/p>\n<p>Para as cidades com menos de 100 mil habitantes, o governador disse que um novo valor de repasse dever\u00e1 ser anunciado na pr\u00f3xima segunda-feira (30).<\/p>\n<p><strong>Contingenciamento no Rio de Janeiro<\/strong><\/p>\n<p>O governo fluminense determinou\u00a0ontem\u00a0(25) o contingenciamento de\u00a0R$ 7,6 bilh\u00f5es\u00a0e a suspens\u00e3o por tempo indeterminado de novas despesas de car\u00e1ter\u00a0n\u00e3o essencial. As medidas s\u00e3o emergenciais para fazer frente \u00e0 queda na arrecada\u00e7\u00e3o provocada pela pandemia do novo coronav\u00edrus (covid-19).<\/p>\n<p>&nbsp;<\/p>\n<p><strong>Fonte:<\/strong>\u00a0Ag\u00eancia Brasil<\/p>\n<p>&nbsp;<\/p>\n","protected":false},"excerpt":{"rendered":"<p>Hoje (26) completa um m\u00eas do\u00a0primeiro caso confirmado\u00a0\u00a0do novo coronav\u00edrus (covid-19) no Brasil. Durante este per\u00edodo a pandemia produziu 78 mortes, conforme atualiza\u00e7\u00e3o do Minist\u00e9rio da Sa\u00fade divulgada hoje (26). A taxa de letalidade \u00e9 de 2,7%. Ontem, as mortes j\u00e1 haviam se expandido para al\u00e9m de S\u00e3o Paulo e do Rio de Janeiro, com [&hellip;]<\/p>\n","protected":false},"author":96,"featured_media":157460,"comment_status":"closed","ping_status":"closed","sticky":false,"template":"","format":"standard","meta":{"footnotes":""},"categories":[302,436,440,439],"tags":[],"class_list":["post-157459","post","type-post","status-publish","format-standard","has-post-thumbnail","hentry","category-brasil-mundo","category-destaque-da-semana","category-destaques-do-dia","category-ultima-hora"],"_links":{"self":[{"href":"https:\/\/diarioregionaldigital.com.br\/index.php?rest_route=\/wp\/v2\/posts\/157459","targetHints":{"allow":["GET"]}}],"collection":[{"href":"https:\/\/diarioregionaldigital.com.br\/index.php?rest_route=\/wp\/v2\/posts"}],"about":[{"href":"https:\/\/diarioregionaldigital.com.br\/index.php?rest_route=\/wp\/v2\/types\/post"}],"author":[{"embeddable":true,"href":"https:\/\/diarioregionaldigital.com.br\/index.php?rest_route=\/wp\/v2\/users\/96"}],"replies":[{"embeddable":true,"href":"https:\/\/diarioregionaldigital.com.br\/index.php?rest_route=%2Fwp%2Fv2%2Fcomments&post=157459"}],"version-history":[{"count":0,"href":"https:\/\/diarioregionaldigital.com.br\/index.php?rest_route=\/wp\/v2\/posts\/157459\/revisions"}],"wp:featuredmedia":[{"embeddable":true,"href":"https:\/\/diarioregionaldigital.com.br\/index.php?rest_route=\/wp\/v2\/media\/157460"}],"wp:attachment":[{"href":"https:\/\/diarioregionaldigital.com.br\/index.php?rest_route=%2Fwp%2Fv2%2Fmedia&parent=157459"}],"wp:term":[{"taxonomy":"category","embeddable":true,"href":"https:\/\/diarioregionaldigital.com.br\/index.php?rest_route=%2Fwp%2Fv2%2Fcategories&post=157459"},{"taxonomy":"post_tag","embeddable":true,"href":"https:\/\/diarioregionaldigital.com.br\/index.php?rest_route=%2Fwp%2Fv2%2Ftags&post=157459"}],"curies":[{"name":"wp","href":"https:\/\/api.w.org\/{rel}","templated":true}]}}