{"id":157456,"date":"2020-03-26T16:23:43","date_gmt":"2020-03-26T19:23:43","guid":{"rendered":"https:\/\/diarioregionaldigital.com.br\/?p=157456"},"modified":"2020-03-26T16:23:43","modified_gmt":"2020-03-26T19:23:43","slug":"thomas-bach-jogos-de-toquio-em-2021-so-serao-realizados-se-houver-ambiente-seguro","status":"publish","type":"post","link":"https:\/\/diarioregionaldigital.com.br\/?p=157456","title":{"rendered":"Thomas Bach: Jogos de T\u00f3quio em 2021 s\u00f3 ser\u00e3o realizados se houver ambiente seguro"},"content":{"rendered":"<p>Um dia depois de anunciar, ao lado do governo japon\u00eas, a decis\u00e3o de adiar para 2021 os Jogos Ol\u00edmpicos e Paral\u00edmpicos de T\u00f3quio 2020, o presidente do Comit\u00ea Ol\u00edmpico Internacional (COI), Thomas Bach, concedeu, nesta quarta-feira (25.03), uma entrevista coletiva por meio de v\u00eddeoconfer\u00eancia.<\/p>\n<p>O dirigente detalhou os bastidores sobre\u00a0\u00a0 como o COI e o governo japon\u00eas tomaram a decis\u00e3o de, pela primeira na hist\u00f3ria dos Jogos Ol\u00edmpicos da era moderna, adiar a competi\u00e7\u00e3o. Ele falou sobre os desafios que vir\u00e3o para que o megaevento se realize no ano que vem, inclusive referentes \u00e0 Vila Ol\u00edmpica.<\/p>\n<p>Bach comentou que espera que os contratos de patroc\u00ednio com o COI referente aos Jogos de T\u00f3quio 2020 que expiram no fim deste ano sejam mantidos para 2021 e, diante da incerteza de que o cen\u00e1rio atual global em rela\u00e7\u00e3o ao coronav\u00edrus possa n\u00e3o estar completamente superado at\u00e9 o ver\u00e3o de 2021, afirmou que os Jogos Ol\u00edmpicos e Paral\u00edmpicos s\u00f3 ser\u00e3o realizados caso seja poss\u00edvel garantir um ambiente seguro para todos os envolvidos.<\/p>\n<p><strong>A decis\u00e3o de adiar os Jogos<\/strong><\/p>\n<p>O que nos levou a tomar essa decis\u00e3o foram as consequ\u00eancias da dissemina\u00e7\u00e3o din\u00e2mica do coronav\u00edrus. Desde o in\u00edcio, comunicamos que est\u00e1vamos monitorando a situa\u00e7\u00e3o dia a dia, 24 horas por dia, e que nos adaptar\u00edamos a quaisquer mudan\u00e7as e seguir\u00edamos os conselhos da Organiza\u00e7\u00e3o Mundial da Sa\u00fade (OMS). No in\u00edcio da crise, t\u00ednhamos um foco claro nos acontecimentos no Jap\u00e3o. T\u00ednhamos que avaliar se o Jap\u00e3o estaria em condi\u00e7\u00e3o de oferecer um ambiente seguro para todos os participantes. Ent\u00e3o, esse foco mudou cada vez mais para o cen\u00e1rio internacional. Pudemos ver, por um lado, os progressos no Jap\u00e3o, o combate ao v\u00edrus e a efici\u00eancia das medidas adotadas. Por outro lado, o v\u00edrus estava se espalhando t\u00e3o rapidamente que se tornava cada vez mais uma quest\u00e3o de saber se o mundo poderia viajar ao Jap\u00e3o e se o Jap\u00e3o realmente podia se dar ao luxo de convidar o mundo no esp\u00edrito de conten\u00e7\u00e3o do v\u00edrus.<\/p>\n<p>Essa situa\u00e7\u00e3o mudou muito rapidamente, por isso est\u00e1vamos adaptando nossos cen\u00e1rios, que sempre discutimos com o Comit\u00ea Organizador: medidas mitigadoras, quarentena, muitas outras quest\u00f5es. Chegamos ent\u00e3o \u00e0 situa\u00e7\u00e3o em que, por um lado, est\u00e1vamos bastante confiantes de que, ao adaptar essas medidas de prote\u00e7\u00e3o e mitiga\u00e7\u00e3o, o Jap\u00e3o poderia, daqui a quatro meses, organizar os Jogos. Ao mesmo tempo, nossas d\u00favidas estavam crescendo se o mundo estaria pronto para esses Jogos Ol\u00edmpicos.<\/p>\n<p>Tivemos que resolver a situa\u00e7\u00e3o. O Jap\u00e3o estava confiante em seguir em frente. Ent\u00e3o vimos, no domingo de manh\u00e3 (22.03), os n\u00fameros da \u00c1frica, onde obviamente estamos no in\u00edcio de um surto, com muitos pa\u00edses sendo afetados. E foi assim que tudo come\u00e7ou em todos os lugares. Vimos os desenvolvimentos din\u00e2micos na Am\u00e9rica do Sul, nos Estados Unidos e em outros pa\u00edses. E foi nesse momento que convoquei uma reuni\u00e3o de emerg\u00eancia do Conselho Executivo do COI, com o objetivo de abrir uma discuss\u00e3o com nossos anfitri\u00f5es, parceiros e amigos japoneses sobre o adiamento dos Jogos.<\/p>\n<p>Como n\u00e3o conseguimos administrar tal adiamento sem o Comit\u00ea Organizador e com o apoio total do Jap\u00e3o, liguei para o Presidente Mori, do Comit\u00ea Organizador, antes desta reuni\u00e3o do Conselho Executivo. Ele entrou em contato com o primeiro-ministro Abe (primeiro-ministro do Jap\u00e3o, Abe Shinzo). O resultado dessa conversa foi que o Comit\u00ea Organizador e o Jap\u00e3o estavam prontos para discutir diferentes cen\u00e1rios, em particular um adiamento.<\/p>\n<p>Ele ouviu nosso compromisso de que um cancelamento n\u00e3o seria um daqueles cen\u00e1rios a serem considerados. Tivemos, ent\u00e3o, a reuni\u00e3o do Conselho Executivo na tarde de domingo, o que resultou em abrir a porta para estudar o adiamento. Horas ap\u00f3s essa reuni\u00e3o, novas informa\u00e7\u00f5es alarmantes estavam chegando. Vimos cada vez mais restri\u00e7\u00f5es de viagens. Tamb\u00e9m ouvimos dizer que o v\u00edrus estava come\u00e7ando a se espalhar em v\u00e1rias ilhas da Oceania.<\/p>\n<p>&nbsp;<\/p>\n<p>Na manh\u00e3 seguinte, recebemos uma declara\u00e7\u00e3o da Organiza\u00e7\u00e3o Mundial da Sa\u00fade (OMS) que foi bastante alarmante. O Diretor-Geral da OMS disse que a dissemina\u00e7\u00e3o estava se acelerando e ele queria ter uma liga\u00e7\u00e3o de emerg\u00eancia com os l\u00edderes do G20 para resolver essa situa\u00e7\u00e3o.<\/p>\n<p>Isso nos levou a entrar em contato com o Comit\u00ea Organizador novamente, para inform\u00e1-los de nosso desejo de propor uma decis\u00e3o sobre o adiamento dos Jogos a ser tomada j\u00e1 na liga\u00e7\u00e3o agendada para o dia seguinte, entre o primeiro-ministro Abe e eu. Durante essa liga\u00e7\u00e3o, o primeiro-ministro, em suas observa\u00e7\u00f5es introdut\u00f3rias, sugeriu que o COI decidisse adiar os Jogos.<\/p>\n<p>Chegamos \u00e0 conclus\u00e3o de que essa decis\u00e3o n\u00e3o poderia ser unilateral pelo COI. Em vez disso, tinha que ser uma decis\u00e3o conjunta, porque, para organizar os Jogos de sucesso, precisamos estar em pleno acordo e precisamos estar unidos. Essa foi a sequ\u00eancia de nossa tomada de decis\u00e3o. Ele seguiu nossos princ\u00edpios, desde o in\u00edcio, de adapta\u00e7\u00e3o \u00e0 situa\u00e7\u00e3o por meio do monitoramento. Tamb\u00e9m seguimos os princ\u00edpios de colocar a sa\u00fade e a seguran\u00e7a dos atletas e de todos os envolvidos nos Jogos em primeiro lugar e contribuir para a conten\u00e7\u00e3o do v\u00edrus.<\/p>\n<p><strong>Arrependimentos por n\u00e3o tomar a decis\u00e3o antes<\/strong><\/p>\n<p>N\u00e3o (me sinto arrependido por n\u00e3o tomar a decis\u00e3o de adiar os Jogos antes), porque esse era o compromisso e \u00e9 o compromisso com nossos parceiros japoneses. Eu tentei explicar que o foco estava mudando. O que expressamos foi a confian\u00e7a de nossos parceiros e amigos japoneses na organiza\u00e7\u00e3o dos Jogos Ol\u00edmpicos em julho, em condi\u00e7\u00f5es seguras. Para isso, est\u00e1vamos comprometidos e continuamos comprometidos com os Jogos adiados. O que mudou foi a situa\u00e7\u00e3o mundial da sa\u00fade. Poder\u00edamos ter decidido um cancelamento por conta pr\u00f3pria. Mas para adiar, precis\u00e1vamos do total comprometimento de nossos parceiros japoneses. Isso \u00e9 o que procur\u00e1vamos com nossa abordagem e foi o que alcan\u00e7amos, possibilitando que os Jogos Ol\u00edmpicos de T\u00f3quio 2020 estejam acontecendo e n\u00e3o precisem ser cancelados. Podemos dar aos atletas a esperan\u00e7a e garantia de que seu sonho ol\u00edmpico ainda pode se realizar, mesmo com um atraso.<\/p>\n<p>&nbsp;<\/p>\n<p><strong>Nova data para os Jogos em 2021<\/strong><\/p>\n<p>Essa \u00e9 uma pergunta desafiadora e, ap\u00f3s o acordo com o primeiro-ministro Abe, solicitamos \u00e0 nossa Comiss\u00e3o de Coordena\u00e7\u00e3o, juntamente com o Comit\u00ea Organizador, que a estudasse em detalhes. Eles agora formaram uma for\u00e7a-tarefa com um nome que considero muito bom, com um bom esp\u00edrito. A for\u00e7a-tarefa se autodenomina &#8220;Aqui vamos n\u00f3s&#8221;. Isso precisa de consulta, antes de tudo, com as 33 Federa\u00e7\u00f5es Internacionais. Acho que teremos uma confer\u00eancia telef\u00f4nica amanh\u00e3 (nesta quinta-feira, 26.03). Como primeiro passo, temos que ver quais s\u00e3o as op\u00e7\u00f5es. E depois de consult\u00e1-los, tamb\u00e9m precisamos levar em considera\u00e7\u00e3o o calend\u00e1rio esportivo dos Jogos Ol\u00edmpicos e muitas outras quest\u00f5es. Acho que devemos chegar a uma solu\u00e7\u00e3o o mais r\u00e1pido poss\u00edvel, mas a primeira prioridade deve ser a qualidade dessa decis\u00e3o e a capacidade de levar em considera\u00e7\u00e3o a participa\u00e7\u00e3o de todas as partes interessadas: os Comit\u00eas Ol\u00edmpicos Nacionais, os atletas, os parceiros. Obviamente, o Comit\u00ea Organizador tamb\u00e9m \u00e9 fundamental nisso.<\/p>\n<p>O acordo \u00e9 que queremos organizar esses Jogos Ol\u00edmpicos o mais tardar no ver\u00e3o de 2021. Isso significa que a for\u00e7a-tarefa pode considerar uma vis\u00e3o mais ampla e isso n\u00e3o se restringe apenas aos meses de ver\u00e3o. Todas as op\u00e7\u00f5es est\u00e3o na mesa antes ou durante o ver\u00e3o de 2021.<\/p>\n<p>&nbsp;<\/p>\n<p><strong>Fonte:\u00a0<\/strong>Rede Nacional do Esporte<\/p>\n","protected":false},"excerpt":{"rendered":"<p>Um dia depois de anunciar, ao lado do governo japon\u00eas, a decis\u00e3o de adiar para 2021 os Jogos Ol\u00edmpicos e Paral\u00edmpicos de T\u00f3quio 2020, o presidente do Comit\u00ea Ol\u00edmpico Internacional (COI), Thomas Bach, concedeu, nesta quarta-feira (25.03), uma entrevista coletiva por meio de v\u00eddeoconfer\u00eancia. O dirigente detalhou os bastidores sobre\u00a0\u00a0 como o COI e o [&hellip;]<\/p>\n","protected":false},"author":96,"featured_media":157457,"comment_status":"closed","ping_status":"closed","sticky":false,"template":"","format":"standard","meta":{"footnotes":""},"categories":[436,257,439],"tags":[],"class_list":["post-157456","post","type-post","status-publish","format-standard","has-post-thumbnail","hentry","category-destaque-da-semana","category-esporte","category-ultima-hora"],"_links":{"self":[{"href":"https:\/\/diarioregionaldigital.com.br\/index.php?rest_route=\/wp\/v2\/posts\/157456","targetHints":{"allow":["GET"]}}],"collection":[{"href":"https:\/\/diarioregionaldigital.com.br\/index.php?rest_route=\/wp\/v2\/posts"}],"about":[{"href":"https:\/\/diarioregionaldigital.com.br\/index.php?rest_route=\/wp\/v2\/types\/post"}],"author":[{"embeddable":true,"href":"https:\/\/diarioregionaldigital.com.br\/index.php?rest_route=\/wp\/v2\/users\/96"}],"replies":[{"embeddable":true,"href":"https:\/\/diarioregionaldigital.com.br\/index.php?rest_route=%2Fwp%2Fv2%2Fcomments&post=157456"}],"version-history":[{"count":0,"href":"https:\/\/diarioregionaldigital.com.br\/index.php?rest_route=\/wp\/v2\/posts\/157456\/revisions"}],"wp:featuredmedia":[{"embeddable":true,"href":"https:\/\/diarioregionaldigital.com.br\/index.php?rest_route=\/wp\/v2\/media\/157457"}],"wp:attachment":[{"href":"https:\/\/diarioregionaldigital.com.br\/index.php?rest_route=%2Fwp%2Fv2%2Fmedia&parent=157456"}],"wp:term":[{"taxonomy":"category","embeddable":true,"href":"https:\/\/diarioregionaldigital.com.br\/index.php?rest_route=%2Fwp%2Fv2%2Fcategories&post=157456"},{"taxonomy":"post_tag","embeddable":true,"href":"https:\/\/diarioregionaldigital.com.br\/index.php?rest_route=%2Fwp%2Fv2%2Ftags&post=157456"}],"curies":[{"name":"wp","href":"https:\/\/api.w.org\/{rel}","templated":true}]}}