{"id":157453,"date":"2020-03-26T16:21:41","date_gmt":"2020-03-26T19:21:41","guid":{"rendered":"https:\/\/diarioregionaldigital.com.br\/?p=157453"},"modified":"2020-03-26T16:21:41","modified_gmt":"2020-03-26T19:21:41","slug":"futebol-brasileiro-clubes-e-jogadores-seguem-sem-acordo","status":"publish","type":"post","link":"https:\/\/diarioregionaldigital.com.br\/?p=157453","title":{"rendered":"Futebol brasileiro: clubes e jogadores seguem sem acordo"},"content":{"rendered":"<p>Impasse. Times e jogadores ainda n\u00e3o chegaram a um acordo de como atravessar os efeitos da pandemia do novo coronav\u00edrus (covid-19) no \u00e2mbito econ\u00f4mico. A Comiss\u00e3o Nacional de Clubes (CNC) prop\u00f4s reduzir em 25% o sal\u00e1rio dos atletas durante o per\u00edodo de paralisa\u00e7\u00e3o do futebol. Entretanto, a Federa\u00e7\u00e3o Nacional dos Atletas Profissionais de Futebol (Fenapaf) n\u00e3o aceitou a proposta, alegando que ela fere a Consolida\u00e7\u00e3o das Leis Trabalhistas (CLT)\u00a0 e tamb\u00e9m foi rejeitada por sindicatos estaduais e municipais da categoria. Uma nova reuni\u00e3o da CNC, por videoconfer\u00eancia, est\u00e1 marcada para esta quinta-feira (26).<\/p>\n<p>A negativa dos representantes dos jogadores foi encaminhada ao presidente do Fluminense, Mario Bittencourt, que representa as grandes equipes brasileiras.Os atletas tamb\u00e9m querem que a CBF seja uma esp\u00e9cie de avalista do acordo, garantindo assim o pagamento do sal\u00e1rio do m\u00eas de mar\u00e7o, parcela dos direitos de imagens e as f\u00e9rias a serem usufruidas em abril.<\/p>\n<p>Em nota oficial, publicada no site da Fenapaf,\u00a0 a entidade pontua: estamos dispostos a dividir solu\u00e7\u00f5es conjuntas para que os custos da reconstru\u00e7\u00e3o sejam compartilhados (&#8230;)\u00a0 afinal de contas, somos um s\u00f3 povo, na alegria e na tristeza&#8221;.<\/p>\n<p>&nbsp;<\/p>\n<p><strong>Fonte:\u00a0<\/strong>Ag\u00eancia Brasil<\/p>\n<p>&nbsp;<\/p>\n","protected":false},"excerpt":{"rendered":"<p>Impasse. Times e jogadores ainda n\u00e3o chegaram a um acordo de como atravessar os efeitos da pandemia do novo coronav\u00edrus (covid-19) no \u00e2mbito econ\u00f4mico. A Comiss\u00e3o Nacional de Clubes (CNC) prop\u00f4s reduzir em 25% o sal\u00e1rio dos atletas durante o per\u00edodo de paralisa\u00e7\u00e3o do futebol. Entretanto, a Federa\u00e7\u00e3o Nacional dos Atletas Profissionais de Futebol (Fenapaf) [&hellip;]<\/p>\n","protected":false},"author":96,"featured_media":157454,"comment_status":"closed","ping_status":"closed","sticky":false,"template":"","format":"standard","meta":{"footnotes":""},"categories":[436,257,439],"tags":[],"class_list":["post-157453","post","type-post","status-publish","format-standard","has-post-thumbnail","hentry","category-destaque-da-semana","category-esporte","category-ultima-hora"],"_links":{"self":[{"href":"https:\/\/diarioregionaldigital.com.br\/index.php?rest_route=\/wp\/v2\/posts\/157453","targetHints":{"allow":["GET"]}}],"collection":[{"href":"https:\/\/diarioregionaldigital.com.br\/index.php?rest_route=\/wp\/v2\/posts"}],"about":[{"href":"https:\/\/diarioregionaldigital.com.br\/index.php?rest_route=\/wp\/v2\/types\/post"}],"author":[{"embeddable":true,"href":"https:\/\/diarioregionaldigital.com.br\/index.php?rest_route=\/wp\/v2\/users\/96"}],"replies":[{"embeddable":true,"href":"https:\/\/diarioregionaldigital.com.br\/index.php?rest_route=%2Fwp%2Fv2%2Fcomments&post=157453"}],"version-history":[{"count":0,"href":"https:\/\/diarioregionaldigital.com.br\/index.php?rest_route=\/wp\/v2\/posts\/157453\/revisions"}],"wp:featuredmedia":[{"embeddable":true,"href":"https:\/\/diarioregionaldigital.com.br\/index.php?rest_route=\/wp\/v2\/media\/157454"}],"wp:attachment":[{"href":"https:\/\/diarioregionaldigital.com.br\/index.php?rest_route=%2Fwp%2Fv2%2Fmedia&parent=157453"}],"wp:term":[{"taxonomy":"category","embeddable":true,"href":"https:\/\/diarioregionaldigital.com.br\/index.php?rest_route=%2Fwp%2Fv2%2Fcategories&post=157453"},{"taxonomy":"post_tag","embeddable":true,"href":"https:\/\/diarioregionaldigital.com.br\/index.php?rest_route=%2Fwp%2Fv2%2Ftags&post=157453"}],"curies":[{"name":"wp","href":"https:\/\/api.w.org\/{rel}","templated":true}]}}