{"id":157450,"date":"2020-03-26T16:20:02","date_gmt":"2020-03-26T19:20:02","guid":{"rendered":"https:\/\/diarioregionaldigital.com.br\/?p=157450"},"modified":"2020-03-26T16:20:02","modified_gmt":"2020-03-26T19:20:02","slug":"cob-cancela-as-etapas-regionais-dos-jogos-escolares-da-juventude-2020","status":"publish","type":"post","link":"https:\/\/diarioregionaldigital.com.br\/?p=157450","title":{"rendered":"COB cancela as etapas regionais dos Jogos Escolares da Juventude 2020"},"content":{"rendered":"<p>Em virtude do agravamento da pandemia causada pelo COVID-19, que j\u00e1 infectou oficialmente mais de 2.500 pessoas no pa\u00eds, o Comit\u00ea Ol\u00edmpico do Brasil (COB) anuncia o cancelamento das etapas regionais dos Jogos Escolares da Juventude 2020, previstas para setembro. Nos pr\u00f3ximos meses, a entidade avaliar\u00e1 a realiza\u00e7\u00e3o da fase nacional da competi\u00e7\u00e3o, marcada inicialmente para novembro.<\/p>\n<p>&nbsp;<\/p>\n<p>\u201cCancelada as fases regionais, trabalharemos internamente para analisar diferentes cen\u00e1rios que possam viabilizar a realiza\u00e7\u00e3o da etapa nacional no final do ano\u201d, diz Kenji Saito, gerente executivo de Desenvolvimento Esportivo do COB. \u201cA confirma\u00e7\u00e3o da realiza\u00e7\u00e3o da fase nacional dos Jogos Escolares da Juventude acontecer\u00e1 at\u00e9 o final de junho, sem nunca abrir m\u00e3o da seguran\u00e7a dos nossos jovens e do respeito \u00e0s determina\u00e7\u00f5es das autoridades competentes\u201d, completa.<\/p>\n<p>Os Jogos Escolares da Juventude recebem anualmente mais de 7 mil alunos-atletas de todas as regi\u00f5es do Brasil, al\u00e9m de treinadores, \u00e1rbitros, oficiais e o Comit\u00ea Organizador, reunindo mais de 8 mil participantes, considerando as fases regionais (setembro) e a nacional (novembro).<\/p>\n<p>\u201cEstamos acompanhando diariamente a mobiliza\u00e7\u00e3o nacional no combate ao COVID-19, que precisa ser o grande objetivo no momento. Seguiremos em contato frequente com as Confedera\u00e7\u00f5es e com os Estados, que s\u00e3o grandes parceiros e respons\u00e1veis, junto com o COB, pelo sucesso dos Jogos Escolares da Juventude, para avaliar todas as possibilidades\u201d, afirma Saito. \u201cOs Jogos Escolares s\u00e3o um evento de grande relev\u00e2ncia esportiva no desenvolvimento de jovens atletas e na forma\u00e7\u00e3o integral dos alunos-atletas que participam das competi\u00e7\u00f5es e das a\u00e7\u00f5es s\u00f3cio educativas proporcionadas pelo COB\u201d, finaliza.<\/p>\n<p>O COB agradece todo o apoio recebido pela comunidade esportiva nacional, especialmente aos governos de Sergipe e do Rio Grande do Sul, al\u00e9m da prefeitura de Gramado, que j\u00e1 estavam confirmados como sede das etapas regionais.<\/p>\n<p>&nbsp;<\/p>\n<p><strong>Fonte:<\/strong>\u00a0COB<\/p>\n","protected":false},"excerpt":{"rendered":"<p>Em virtude do agravamento da pandemia causada pelo COVID-19, que j\u00e1 infectou oficialmente mais de 2.500 pessoas no pa\u00eds, o Comit\u00ea Ol\u00edmpico do Brasil (COB) anuncia o cancelamento das etapas regionais dos Jogos Escolares da Juventude 2020, previstas para setembro. Nos pr\u00f3ximos meses, a entidade avaliar\u00e1 a realiza\u00e7\u00e3o da fase nacional da competi\u00e7\u00e3o, marcada inicialmente [&hellip;]<\/p>\n","protected":false},"author":96,"featured_media":157451,"comment_status":"closed","ping_status":"closed","sticky":false,"template":"","format":"standard","meta":{"footnotes":""},"categories":[436,257,439],"tags":[],"class_list":["post-157450","post","type-post","status-publish","format-standard","has-post-thumbnail","hentry","category-destaque-da-semana","category-esporte","category-ultima-hora"],"_links":{"self":[{"href":"https:\/\/diarioregionaldigital.com.br\/index.php?rest_route=\/wp\/v2\/posts\/157450","targetHints":{"allow":["GET"]}}],"collection":[{"href":"https:\/\/diarioregionaldigital.com.br\/index.php?rest_route=\/wp\/v2\/posts"}],"about":[{"href":"https:\/\/diarioregionaldigital.com.br\/index.php?rest_route=\/wp\/v2\/types\/post"}],"author":[{"embeddable":true,"href":"https:\/\/diarioregionaldigital.com.br\/index.php?rest_route=\/wp\/v2\/users\/96"}],"replies":[{"embeddable":true,"href":"https:\/\/diarioregionaldigital.com.br\/index.php?rest_route=%2Fwp%2Fv2%2Fcomments&post=157450"}],"version-history":[{"count":0,"href":"https:\/\/diarioregionaldigital.com.br\/index.php?rest_route=\/wp\/v2\/posts\/157450\/revisions"}],"wp:featuredmedia":[{"embeddable":true,"href":"https:\/\/diarioregionaldigital.com.br\/index.php?rest_route=\/wp\/v2\/media\/157451"}],"wp:attachment":[{"href":"https:\/\/diarioregionaldigital.com.br\/index.php?rest_route=%2Fwp%2Fv2%2Fmedia&parent=157450"}],"wp:term":[{"taxonomy":"category","embeddable":true,"href":"https:\/\/diarioregionaldigital.com.br\/index.php?rest_route=%2Fwp%2Fv2%2Fcategories&post=157450"},{"taxonomy":"post_tag","embeddable":true,"href":"https:\/\/diarioregionaldigital.com.br\/index.php?rest_route=%2Fwp%2Fv2%2Ftags&post=157450"}],"curies":[{"name":"wp","href":"https:\/\/api.w.org\/{rel}","templated":true}]}}