{"id":157447,"date":"2020-03-26T16:05:53","date_gmt":"2020-03-26T19:05:53","guid":{"rendered":"https:\/\/diarioregionaldigital.com.br\/?p=157447"},"modified":"2020-03-26T16:05:53","modified_gmt":"2020-03-26T19:05:53","slug":"eua-tem-cerca-de-70-mil-casos-e-mais-de-1-000-mortes","status":"publish","type":"post","link":"https:\/\/diarioregionaldigital.com.br\/?p=157447","title":{"rendered":"EUA tem cerca de 70 mil casos e mais de 1.000 mortes"},"content":{"rendered":"<p>Os Estados Unidos (EUA) registraram nessa\u00a0quarta-feira (25) 1.031 mortes causadas pelo novo coronav\u00edrus, de acordo com dados\u00a0da Universidade norte-americana Johns Hopkins. S\u00e3o 68.572 casos da doen\u00e7a, o que coloca o pa\u00eds em terceiro lugar, logo atr\u00e1s de It\u00e1lia e da China, em rela\u00e7\u00e3o ao n\u00famero de infectados.<\/p>\n<p>Algumas horas antes, o n\u00famero de mortes\u00a0era 827. Nova Iorque \u00e9 um dos estados mais atingidos, com 280 mortes na cidade de Nova Iorque desde o in\u00edcio da epidemia em dezembro, no centro da China.<\/p>\n<p>De acordo com n\u00fameros encaminhados, no in\u00edcio do m\u00eas, ao Congresso norte-americano, entre 70 milh\u00f5es e\u00a0150 milh\u00f5es de pessoas poder\u00e3o ser infectadas nos Estados Unidos, que tem aproximadamente\u00a0327 milh\u00f5es de habitantes. O Senado norte-americano aprovou um plano hist\u00f3rico de US$ 2 trilh\u00f5es\u00a0de apoio \u00e0 primeira economia mundial, asfixiada pela pandemia de\u00a0covid-19.<\/p>\n<p>O novo coronav\u00edrus, respons\u00e1vel pela pandemia de\u00a0covid-19, j\u00e1 infectou perto de 450 mil pessoas em todo o mundo, das quais morreram mais de 20 mil. Depois de surgir na China, em dezembro, o surto espalhou-se por todo o mundo, o que levou a Organiza\u00e7\u00e3o Mundial da Sa\u00fade (OMS) a declarar situa\u00e7\u00e3o de pandemia.<\/p>\n<p>O Continente europeu, com cerca de 240 mil\u00a0infectados, \u00e9\u00a0onde surge\u00a0atualmente o maior n\u00famero de casos, e a It\u00e1lia \u00e9 o pa\u00eds do mundo com maior n\u00famero de mortes\u00a0&#8211;\u00a07.503 em 74.386 casos registrados at\u00e9 hoje. V\u00e1rios pa\u00edses adotaram medidas excepcionais, incluindo o regime de quarentena e o fechamento\u00a0de fronteiras.<\/p>\n<p>&nbsp;<\/p>\n<p><strong>Fonte:\u00a0<\/strong>Ag\u00eancia Brasil<\/p>\n","protected":false},"excerpt":{"rendered":"<p>Os Estados Unidos (EUA) registraram nessa\u00a0quarta-feira (25) 1.031 mortes causadas pelo novo coronav\u00edrus, de acordo com dados\u00a0da Universidade norte-americana Johns Hopkins. S\u00e3o 68.572 casos da doen\u00e7a, o que coloca o pa\u00eds em terceiro lugar, logo atr\u00e1s de It\u00e1lia e da China, em rela\u00e7\u00e3o ao n\u00famero de infectados. Algumas horas antes, o n\u00famero de mortes\u00a0era 827. [&hellip;]<\/p>\n","protected":false},"author":96,"featured_media":157448,"comment_status":"closed","ping_status":"closed","sticky":false,"template":"","format":"standard","meta":{"footnotes":""},"categories":[302,436,439],"tags":[],"class_list":["post-157447","post","type-post","status-publish","format-standard","has-post-thumbnail","hentry","category-brasil-mundo","category-destaque-da-semana","category-ultima-hora"],"_links":{"self":[{"href":"https:\/\/diarioregionaldigital.com.br\/index.php?rest_route=\/wp\/v2\/posts\/157447","targetHints":{"allow":["GET"]}}],"collection":[{"href":"https:\/\/diarioregionaldigital.com.br\/index.php?rest_route=\/wp\/v2\/posts"}],"about":[{"href":"https:\/\/diarioregionaldigital.com.br\/index.php?rest_route=\/wp\/v2\/types\/post"}],"author":[{"embeddable":true,"href":"https:\/\/diarioregionaldigital.com.br\/index.php?rest_route=\/wp\/v2\/users\/96"}],"replies":[{"embeddable":true,"href":"https:\/\/diarioregionaldigital.com.br\/index.php?rest_route=%2Fwp%2Fv2%2Fcomments&post=157447"}],"version-history":[{"count":0,"href":"https:\/\/diarioregionaldigital.com.br\/index.php?rest_route=\/wp\/v2\/posts\/157447\/revisions"}],"wp:featuredmedia":[{"embeddable":true,"href":"https:\/\/diarioregionaldigital.com.br\/index.php?rest_route=\/wp\/v2\/media\/157448"}],"wp:attachment":[{"href":"https:\/\/diarioregionaldigital.com.br\/index.php?rest_route=%2Fwp%2Fv2%2Fmedia&parent=157447"}],"wp:term":[{"taxonomy":"category","embeddable":true,"href":"https:\/\/diarioregionaldigital.com.br\/index.php?rest_route=%2Fwp%2Fv2%2Fcategories&post=157447"},{"taxonomy":"post_tag","embeddable":true,"href":"https:\/\/diarioregionaldigital.com.br\/index.php?rest_route=%2Fwp%2Fv2%2Ftags&post=157447"}],"curies":[{"name":"wp","href":"https:\/\/api.w.org\/{rel}","templated":true}]}}