{"id":157444,"date":"2020-03-26T16:03:00","date_gmt":"2020-03-26T19:03:00","guid":{"rendered":"https:\/\/diarioregionaldigital.com.br\/?p=157444"},"modified":"2020-03-26T16:03:00","modified_gmt":"2020-03-26T19:03:00","slug":"inflacao-pode-ficar-em-26-este-ano-diz-banco-central","status":"publish","type":"post","link":"https:\/\/diarioregionaldigital.com.br\/?p=157444","title":{"rendered":"Infla\u00e7\u00e3o pode ficar em 2,6% este ano, diz Banco Central"},"content":{"rendered":"<p>A infla\u00e7\u00e3o oficial do pa\u00eds, medida pelo \u00cdndice Nacional de Pre\u00e7os ao Consumidor Amplo (IPCA), pode ficar em 2,6% neste ano, de acordo com o Relat\u00f3rio de Infla\u00e7\u00e3o divulgado hoje (26) pelo Banco Central (BC), em Bras\u00edlia. Em 2021, a previs\u00e3o \u00e9 que a infla\u00e7\u00e3o suba para 3,2%, chegando a 3,3%, em 2022. No relat\u00f3rio, o BC faz proje\u00e7\u00f5es considerando quatro cen\u00e1rios com expectativas para a taxa b\u00e1sica de juros, a Selic, e para o c\u00e2mbio.<\/p>\n<p>Para essas estimativas, foram consideradas as proje\u00e7\u00f5es do mercado financeiro relativas aos finais de ano para a taxa Selic (3,75% ao ano, em 2020, 5,25% em 2021 e 6% em 2022), e para o c\u00e2mbio (R$ 4,35, em 2020, e R$ 4,20, em 2021 e 2022).<\/p>\n<p>Nesse cen\u00e1rio, em rela\u00e7\u00e3o ao Relat\u00f3rio de Infla\u00e7\u00e3o de dezembro de 2019, a proje\u00e7\u00e3o para 2020 caiu em cerca de 0,9 ponto percentual para 2020, 0,2 ponto percentual para 2021 e 0,1 ponto percentual para 2022.<\/p>\n<p>Assim, a infla\u00e7\u00e3o ficar\u00e1 pr\u00f3xima do limite inferior da meta para este ano. O centro da meta \u00e9 4%, com limite inferior de 2,5% e superior de 5,5%. Para 2021, a meta \u00e9 3,75% e para 2022, 3,50%, com intervalo de toler\u00e2ncia para cima ou para baixo de 1,5%.<\/p>\n<p>Para alcan\u00e7ar a meta de infla\u00e7\u00e3o, o Banco Central usa como principal instrumento a taxa b\u00e1sica de juros, a Selic, estabelecida atualmente em 3,75% ao ano pelo Comit\u00ea de Pol\u00edtica Monet\u00e1ria (Copom).<\/p>\n<p>Quando o Copom reduz a Selic, a tend\u00eancia \u00e9 que o cr\u00e9dito fique mais barato, com incentivo \u00e0 produ\u00e7\u00e3o e ao consumo, reduzindo o controle da infla\u00e7\u00e3o e estimulando a atividade econ\u00f4mica.<\/p>\n<p>E quando o Copom aumenta a taxa b\u00e1sica de juros, a finalidade \u00e9 conter a demanda aquecida, e isso causa reflexos nos pre\u00e7os porque os juros mais altos encarecem o cr\u00e9dito e estimulam a poupan\u00e7a.<\/p>\n<p>A manuten\u00e7\u00e3o da Selic indica que o Copom considera as altera\u00e7\u00f5es anteriores suficientes para atingir a meta de infla\u00e7\u00e3o.<\/p>\n<p><strong>Mais n\u00fameros<\/strong><\/p>\n<p>No cen\u00e1rio com taxa Selic (4,25% ao ano) e c\u00e2mbio (R$ 4,75) constantes, a infla\u00e7\u00e3o vai ficar em 3% este ano, em 3,6% em 2021, e 3,8% em 2022.<\/p>\n<p>Se for considerada a Selic projetada pelo mercado financeiro e o c\u00e2mbio constante, a infla\u00e7\u00e3o fica em 3% em 2020, em 3,6% em 2021, e 3,5%, em 2022. No cen\u00e1rio com Selic constante e c\u00e2mbio projetado pelo mercado financeiro, o IPCA ser\u00e1 2,6% este ano, 3,2%, em 2021 e 3,6% em 2022.<\/p>\n<p><strong>Pr\u00f3ximos meses<\/strong><\/p>\n<p>O Banco Central projeta infla\u00e7\u00e3o em 0,15%, 0,21% e 0,02%, respectivamente, nos meses de mar\u00e7o, abril e maio.<\/p>\n<p>Se essas estimativas se concretizarem, a alta de 0,38% no trimestre ser\u00e1 a menor varia\u00e7\u00e3o para o per\u00edodo de s\u00e9rie hist\u00f3rica do IPCA desde janeiro de 1980 e \u201cconsideravelmente inferior\u201d \u00e0 observada entre mar\u00e7o e maio de 2019 (1,46%). Isso levar\u00e1 \u00e0 desacelera\u00e7\u00e3o da infla\u00e7\u00e3o acumulada em 12 meses, de 4,01% em fevereiro para 2,90% em maio de 2020.<\/p>\n<p>&nbsp;<\/p>\n<p><strong>Fonte:\u00a0<\/strong>Ag\u00eancia Brasil<\/p>\n","protected":false},"excerpt":{"rendered":"<p>A infla\u00e7\u00e3o oficial do pa\u00eds, medida pelo \u00cdndice Nacional de Pre\u00e7os ao Consumidor Amplo (IPCA), pode ficar em 2,6% neste ano, de acordo com o Relat\u00f3rio de Infla\u00e7\u00e3o divulgado hoje (26) pelo Banco Central (BC), em Bras\u00edlia. Em 2021, a previs\u00e3o \u00e9 que a infla\u00e7\u00e3o suba para 3,2%, chegando a 3,3%, em 2022. No relat\u00f3rio, [&hellip;]<\/p>\n","protected":false},"author":96,"featured_media":157445,"comment_status":"closed","ping_status":"closed","sticky":false,"template":"","format":"standard","meta":{"footnotes":""},"categories":[436,261,439],"tags":[],"class_list":["post-157444","post","type-post","status-publish","format-standard","has-post-thumbnail","hentry","category-destaque-da-semana","category-economia","category-ultima-hora"],"_links":{"self":[{"href":"https:\/\/diarioregionaldigital.com.br\/index.php?rest_route=\/wp\/v2\/posts\/157444","targetHints":{"allow":["GET"]}}],"collection":[{"href":"https:\/\/diarioregionaldigital.com.br\/index.php?rest_route=\/wp\/v2\/posts"}],"about":[{"href":"https:\/\/diarioregionaldigital.com.br\/index.php?rest_route=\/wp\/v2\/types\/post"}],"author":[{"embeddable":true,"href":"https:\/\/diarioregionaldigital.com.br\/index.php?rest_route=\/wp\/v2\/users\/96"}],"replies":[{"embeddable":true,"href":"https:\/\/diarioregionaldigital.com.br\/index.php?rest_route=%2Fwp%2Fv2%2Fcomments&post=157444"}],"version-history":[{"count":0,"href":"https:\/\/diarioregionaldigital.com.br\/index.php?rest_route=\/wp\/v2\/posts\/157444\/revisions"}],"wp:featuredmedia":[{"embeddable":true,"href":"https:\/\/diarioregionaldigital.com.br\/index.php?rest_route=\/wp\/v2\/media\/157445"}],"wp:attachment":[{"href":"https:\/\/diarioregionaldigital.com.br\/index.php?rest_route=%2Fwp%2Fv2%2Fmedia&parent=157444"}],"wp:term":[{"taxonomy":"category","embeddable":true,"href":"https:\/\/diarioregionaldigital.com.br\/index.php?rest_route=%2Fwp%2Fv2%2Fcategories&post=157444"},{"taxonomy":"post_tag","embeddable":true,"href":"https:\/\/diarioregionaldigital.com.br\/index.php?rest_route=%2Fwp%2Fv2%2Ftags&post=157444"}],"curies":[{"name":"wp","href":"https:\/\/api.w.org\/{rel}","templated":true}]}}