{"id":157438,"date":"2020-03-26T15:58:39","date_gmt":"2020-03-26T18:58:39","guid":{"rendered":"https:\/\/diarioregionaldigital.com.br\/?p=157438"},"modified":"2020-03-26T15:58:39","modified_gmt":"2020-03-26T18:58:39","slug":"pesquisadores-da-ufjf-utilizam-impressora-3d-para-desenvolver-prototipo-de-epi","status":"publish","type":"post","link":"https:\/\/diarioregionaldigital.com.br\/?p=157438","title":{"rendered":"Pesquisadores da UFJF utilizam impressora 3D para desenvolver prot\u00f3tipo de EPI"},"content":{"rendered":"<p>Os professores do Departamento de F\u00edsica, do Instituto de Ci\u00eancias Exatas (ICE), da Universidade Federal de Juiz de Fora (UFJF), Rodrigo Alves Dias e Jos\u00e9 Paulo Mendon\u00e7a de Furtado, est\u00e3o desenvolvendo um prot\u00f3tipo de Equipamento de Prote\u00e7\u00e3o Individual (EPI) para uso por equipes m\u00e9dicas durante o tratamento de pacientes de novo coronav\u00edrus (covid-19).<\/p>\n<p>A ideia do projeto \u00e9 a cria\u00e7\u00e3o de uma c\u00fapula em formato semi cil\u00edndrico que permite o acesso \u00e0s m\u00e3os do m\u00e9dico por um lado e da equipe transdisciplinar, com aparelhos, do outro. Para a constru\u00e7\u00e3o das pe\u00e7as s\u00e3o utilizadas impressoras 3D e pl\u00e1stico transparente, de forma que possa ser de f\u00e1cil remo\u00e7\u00e3o para trocar de pacientes. \u201cO EPI ajuda protegendo das got\u00edculas de vapor que exalam do paciente, enquanto ele se encontra na maca cir\u00fargica, de se espalharem naquele ambiente. A id\u00e9ia \u00e9 proteger a equipe de sa\u00fade, pois o contaminado acaba tossindo ou escarrando, exalando essas microparticulas, e o equipamento evita essa aproxima\u00e7\u00e3o e cont\u00e1gio\u201d, explica Dias.<\/p>\n<p>A inten\u00e7\u00e3o \u00e9 aperfei\u00e7oar o modelo de caixa e levar uma solu\u00e7\u00e3o que possa ser produzida em larga escala pelo Brasil, em qualquer lugar que possua uma impressora 3D. Dias explica que a ferramenta cria uma forma de proteger os profissionais da sa\u00fade. \u201cPreciso refor\u00e7ar que ainda \u00e9 um prot\u00f3tipo e que precisa ser testado pelos profissionais da \u00e1rea. Essa \u00e9 nossa contribui\u00e7\u00e3o para que saibam que estamos aqui para ajudar com tudo o que temos de melhor.\u201d<\/p>\n<p>De acordo com o pesquisador, a proposta para o futuro \u00e9 fazer produ\u00e7\u00f5es di\u00e1rias de v\u00e1rias pe\u00e7as, pois esta estrutura est\u00e1 sendo projetada para ser articulada e montada similarmente ao jogo de Lego. \u201cTemos a inten\u00e7\u00e3o de testar os primeiros prot\u00f3tipos no Hospital Universit\u00e1rio (HU). No entanto, queremos disponibilizar o projeto de montagem para todos os interessados em colaborar pelo Brasil. A universidade p\u00fablica tem como papel principal levar solu\u00e7\u00f5es e forma\u00e7\u00e3o de m\u00e3o de obra qualificada para resolver os mais diversos problemas brasileiros.\u201d<\/p>\n<p><strong>Papel social<\/strong><\/p>\n<p>A proposta se deu devido a iniciativas atrav\u00e9s de grupos que come\u00e7aram a utilizar essas tecnologias para ajudar no enfrentamento \u00e0 Covid-19 ao redor do mundo. Desta forma, formaram-se grupos no Brasil com o mesmo intuito. No momento, o projeto tem sido desenvolvido apenas pelos professores que acompanham as recomenda\u00e7\u00f5es das autoridades de Sa\u00fade. \u201cAtualmente me encontro em confinamento com minha fam\u00edlia, esposa e meus dois filhos. Logo o prot\u00f3tipo est\u00e1 sendo feito na minha casa em meio a brincadeiras, alimenta\u00e7\u00e3o, banho, fraldas e todas as atividades envolvidas nos cuidados de um casal de beb\u00eas. A impressora\u00a0 3D que utilizo foi adquirida com recurso pessoal. No entanto, utilizo a mesma para desenvolvimento de projetos junto com alunos dos cursos que ministro.\u201d, explica Dias.<\/p>\n<p>O professor ressalta que a Universidade sempre teve o papel social de levar ensino, pesquisa e desenvolvimento para toda a sociedade local e global. Dessa maneira, a cria\u00e7\u00e3o de equipamentos como este, apresentam aos brasileiros o retorno do investimento governamental nas institui\u00e7\u00f5es p\u00fablicas de ensino. \u201cVenho de uma fam\u00edlia pobre da periferia de Bras\u00edlia e consegui me tornar o que sou hoje com a ajuda de v\u00e1rios professores ao longo de muitos anos ininterruptos de estudos. Assim quero levar essa esperan\u00e7a de dias melhores a todos, onde j\u00e1 teremos vencido a covid-19 e qualquer outra doen\u00e7a que assombra a sociedade hoje ou no futuro\u201d, finaliza.<\/p>\n<p>&nbsp;<\/p>\n<p><strong>Fonte:\u00a0<\/strong>Assessoria<\/p>\n","protected":false},"excerpt":{"rendered":"<p>Os professores do Departamento de F\u00edsica, do Instituto de Ci\u00eancias Exatas (ICE), da Universidade Federal de Juiz de Fora (UFJF), Rodrigo Alves Dias e Jos\u00e9 Paulo Mendon\u00e7a de Furtado, est\u00e3o desenvolvendo um prot\u00f3tipo de Equipamento de Prote\u00e7\u00e3o Individual (EPI) para uso por equipes m\u00e9dicas durante o tratamento de pacientes de novo coronav\u00edrus (covid-19). A ideia [&hellip;]<\/p>\n","protected":false},"author":96,"featured_media":157439,"comment_status":"closed","ping_status":"closed","sticky":false,"template":"","format":"standard","meta":{"footnotes":""},"categories":[253,436,439],"tags":[],"class_list":["post-157438","post","type-post","status-publish","format-standard","has-post-thumbnail","hentry","category-cidade","category-destaque-da-semana","category-ultima-hora"],"_links":{"self":[{"href":"https:\/\/diarioregionaldigital.com.br\/index.php?rest_route=\/wp\/v2\/posts\/157438","targetHints":{"allow":["GET"]}}],"collection":[{"href":"https:\/\/diarioregionaldigital.com.br\/index.php?rest_route=\/wp\/v2\/posts"}],"about":[{"href":"https:\/\/diarioregionaldigital.com.br\/index.php?rest_route=\/wp\/v2\/types\/post"}],"author":[{"embeddable":true,"href":"https:\/\/diarioregionaldigital.com.br\/index.php?rest_route=\/wp\/v2\/users\/96"}],"replies":[{"embeddable":true,"href":"https:\/\/diarioregionaldigital.com.br\/index.php?rest_route=%2Fwp%2Fv2%2Fcomments&post=157438"}],"version-history":[{"count":0,"href":"https:\/\/diarioregionaldigital.com.br\/index.php?rest_route=\/wp\/v2\/posts\/157438\/revisions"}],"wp:featuredmedia":[{"embeddable":true,"href":"https:\/\/diarioregionaldigital.com.br\/index.php?rest_route=\/wp\/v2\/media\/157439"}],"wp:attachment":[{"href":"https:\/\/diarioregionaldigital.com.br\/index.php?rest_route=%2Fwp%2Fv2%2Fmedia&parent=157438"}],"wp:term":[{"taxonomy":"category","embeddable":true,"href":"https:\/\/diarioregionaldigital.com.br\/index.php?rest_route=%2Fwp%2Fv2%2Fcategories&post=157438"},{"taxonomy":"post_tag","embeddable":true,"href":"https:\/\/diarioregionaldigital.com.br\/index.php?rest_route=%2Fwp%2Fv2%2Ftags&post=157438"}],"curies":[{"name":"wp","href":"https:\/\/api.w.org\/{rel}","templated":true}]}}