{"id":157436,"date":"2020-03-26T15:57:11","date_gmt":"2020-03-26T18:57:11","guid":{"rendered":"https:\/\/diarioregionaldigital.com.br\/?p=157436"},"modified":"2020-03-26T15:57:11","modified_gmt":"2020-03-26T18:57:11","slug":"pm-encontra-armas-de-fogo-armazenadas-em-residencia-no-sao-benedito","status":"publish","type":"post","link":"https:\/\/diarioregionaldigital.com.br\/?p=157436","title":{"rendered":"PM encontra armas de fogo armazenadas em resid\u00eancia no S\u00e3o Benedito"},"content":{"rendered":"<p>A Pol\u00edcia Militar (PM), encontrou armas de fogo que estavam sendo guardadas por um indiv\u00edduo no Bairro S\u00e3o Benedito (Regi\u00e3o Leste) em Juiz de Fora. O caso ocorreu durante a Opera\u00e7\u00e3o Batida Policial, quando os policiais receberam informa\u00e7\u00f5es sobre um indiv\u00edduo que estaria armazenando os artefatos, que pertencem a um homem que se encontra preso.<\/p>\n<p>Com posse das informa\u00e7\u00f5es, a PM se deslocou at\u00e9 o local e teve a entrada liberada. Durante buscas pela resid\u00eancia, os policiais obtiveram \u00eaxito em localizar uma pistola 9mm, 49 muni\u00e7\u00f5es da mesma arma e um carregador com capacidade para 17 muni\u00e7\u00f5es.<\/p>\n<p>Momentos antes da chegada da viatura, o autor j\u00e1 havia deixado a resid\u00eancia, no entanto o mesmo foi identificado e localizado pelos policiais. O infrator foi preso e conduzido para \u00e0 Delegacia, junto com os materiais apreendidos, para devidas provid\u00eancias.<\/p>\n<p>&nbsp;<\/p>\n<p>&nbsp;<\/p>\n<p>&nbsp;<\/p>\n","protected":false},"excerpt":{"rendered":"<p>A Pol\u00edcia Militar (PM), encontrou armas de fogo que estavam sendo guardadas por um indiv\u00edduo no Bairro S\u00e3o Benedito (Regi\u00e3o Leste) em Juiz de Fora. O caso ocorreu durante a Opera\u00e7\u00e3o Batida Policial, quando os policiais receberam informa\u00e7\u00f5es sobre um indiv\u00edduo que estaria armazenando os artefatos, que pertencem a um homem que se encontra preso. [&hellip;]<\/p>\n","protected":false},"author":96,"featured_media":97342,"comment_status":"closed","ping_status":"closed","sticky":false,"template":"","format":"standard","meta":{"footnotes":""},"categories":[301,436,439],"tags":[],"class_list":["post-157436","post","type-post","status-publish","format-standard","has-post-thumbnail","hentry","category-artigos-policiais","category-destaque-da-semana","category-ultima-hora"],"_links":{"self":[{"href":"https:\/\/diarioregionaldigital.com.br\/index.php?rest_route=\/wp\/v2\/posts\/157436","targetHints":{"allow":["GET"]}}],"collection":[{"href":"https:\/\/diarioregionaldigital.com.br\/index.php?rest_route=\/wp\/v2\/posts"}],"about":[{"href":"https:\/\/diarioregionaldigital.com.br\/index.php?rest_route=\/wp\/v2\/types\/post"}],"author":[{"embeddable":true,"href":"https:\/\/diarioregionaldigital.com.br\/index.php?rest_route=\/wp\/v2\/users\/96"}],"replies":[{"embeddable":true,"href":"https:\/\/diarioregionaldigital.com.br\/index.php?rest_route=%2Fwp%2Fv2%2Fcomments&post=157436"}],"version-history":[{"count":0,"href":"https:\/\/diarioregionaldigital.com.br\/index.php?rest_route=\/wp\/v2\/posts\/157436\/revisions"}],"wp:featuredmedia":[{"embeddable":true,"href":"https:\/\/diarioregionaldigital.com.br\/index.php?rest_route=\/wp\/v2\/media\/97342"}],"wp:attachment":[{"href":"https:\/\/diarioregionaldigital.com.br\/index.php?rest_route=%2Fwp%2Fv2%2Fmedia&parent=157436"}],"wp:term":[{"taxonomy":"category","embeddable":true,"href":"https:\/\/diarioregionaldigital.com.br\/index.php?rest_route=%2Fwp%2Fv2%2Fcategories&post=157436"},{"taxonomy":"post_tag","embeddable":true,"href":"https:\/\/diarioregionaldigital.com.br\/index.php?rest_route=%2Fwp%2Fv2%2Ftags&post=157436"}],"curies":[{"name":"wp","href":"https:\/\/api.w.org\/{rel}","templated":true}]}}