{"id":157434,"date":"2020-03-26T14:56:22","date_gmt":"2020-03-26T17:56:22","guid":{"rendered":"https:\/\/diarioregionaldigital.com.br\/?p=157434"},"modified":"2020-03-26T14:56:22","modified_gmt":"2020-03-26T17:56:22","slug":"sao-joao-del-rei-tem-primeiro-caso-de-coronavirus","status":"publish","type":"post","link":"https:\/\/diarioregionaldigital.com.br\/?p=157434","title":{"rendered":"S\u00e3o Jo\u00e3o Del Rei tem primeiro caso de Coronav\u00edrus"},"content":{"rendered":"<p>Segundo o boletim divulgado pela Secretaria de Estado da Sa\u00fade de Minas Gerais (SES-MG), na manh\u00e3 desta quinta-feira (26), a cidade de S\u00e3o Jo\u00e3o Del Rei teve seu primeiro caso confirmado do Coronav\u00edrus. Segundo o informe, est\u00e3o sendo investigados 54 pacientes, sendo que 49 s\u00e3o suspeitos e 4 foram descartados.<\/p>\n","protected":false},"excerpt":{"rendered":"<p>Segundo o boletim divulgado pela Secretaria de Estado da Sa\u00fade de Minas Gerais (SES-MG), na manh\u00e3 desta quinta-feira (26), a cidade de S\u00e3o Jo\u00e3o Del Rei teve seu primeiro caso confirmado do Coronav\u00edrus. Segundo o informe, est\u00e3o sendo investigados 54 pacientes, sendo que 49 s\u00e3o suspeitos e 4 foram descartados.<\/p>\n","protected":false},"author":96,"featured_media":156635,"comment_status":"closed","ping_status":"closed","sticky":false,"template":"","format":"standard","meta":{"footnotes":""},"categories":[436,252,439],"tags":[],"class_list":["post-157434","post","type-post","status-publish","format-standard","has-post-thumbnail","hentry","category-destaque-da-semana","category-regiao","category-ultima-hora"],"_links":{"self":[{"href":"https:\/\/diarioregionaldigital.com.br\/index.php?rest_route=\/wp\/v2\/posts\/157434","targetHints":{"allow":["GET"]}}],"collection":[{"href":"https:\/\/diarioregionaldigital.com.br\/index.php?rest_route=\/wp\/v2\/posts"}],"about":[{"href":"https:\/\/diarioregionaldigital.com.br\/index.php?rest_route=\/wp\/v2\/types\/post"}],"author":[{"embeddable":true,"href":"https:\/\/diarioregionaldigital.com.br\/index.php?rest_route=\/wp\/v2\/users\/96"}],"replies":[{"embeddable":true,"href":"https:\/\/diarioregionaldigital.com.br\/index.php?rest_route=%2Fwp%2Fv2%2Fcomments&post=157434"}],"version-history":[{"count":0,"href":"https:\/\/diarioregionaldigital.com.br\/index.php?rest_route=\/wp\/v2\/posts\/157434\/revisions"}],"wp:featuredmedia":[{"embeddable":true,"href":"https:\/\/diarioregionaldigital.com.br\/index.php?rest_route=\/wp\/v2\/media\/156635"}],"wp:attachment":[{"href":"https:\/\/diarioregionaldigital.com.br\/index.php?rest_route=%2Fwp%2Fv2%2Fmedia&parent=157434"}],"wp:term":[{"taxonomy":"category","embeddable":true,"href":"https:\/\/diarioregionaldigital.com.br\/index.php?rest_route=%2Fwp%2Fv2%2Fcategories&post=157434"},{"taxonomy":"post_tag","embeddable":true,"href":"https:\/\/diarioregionaldigital.com.br\/index.php?rest_route=%2Fwp%2Fv2%2Ftags&post=157434"}],"curies":[{"name":"wp","href":"https:\/\/api.w.org\/{rel}","templated":true}]}}