{"id":157431,"date":"2020-03-26T14:51:17","date_gmt":"2020-03-26T17:51:17","guid":{"rendered":"https:\/\/diarioregionaldigital.com.br\/?p=157431"},"modified":"2020-03-26T14:51:17","modified_gmt":"2020-03-26T17:51:17","slug":"vereadores-apresentam-requerimento-para-alteracao-no-orcamento-municipal-para-o-enfrentamento-da-covid-19","status":"publish","type":"post","link":"https:\/\/diarioregionaldigital.com.br\/?p=157431","title":{"rendered":"Vereadores apresentam requerimento para altera\u00e7\u00e3o no or\u00e7amento municipal para o enfrentamento da COVID-19"},"content":{"rendered":"<p>Os vereadores se reuniram nessa quarta-feira (25), e apresentaram um requerimento para que as emendas parlamentares j\u00e1 aprovadas e incorporadas ao exerc\u00edcio financeiro de 2020 sejam direcionadas para medidas de preven\u00e7\u00e3o e enfrentamento \u00e0 COVID-19. O requerimento foi aprovado e encaminhado \u00e0 prefeitura. A medida aguarda agora o envio de uma Mensagem do Poder Executivo com as altera\u00e7\u00f5es. Conforme aponta o texto do requerimento, os vereadores acreditam \u201cque o montante destinado por esta Casa poder\u00e1 contribuir significativamente com a aquisi\u00e7\u00e3o de equipamentos de prote\u00e7\u00e3o e higiene, assim como em aparelhos, insumos e medicamentos necess\u00e1rios para o tratamento\u201d.<\/p>\n<p>O requerimento apresentado no plen\u00e1rio e assinado pelos vereadores prev\u00ea a destina\u00e7\u00e3o exclusiva pela Secretaria de Sa\u00fade dos recursos das emendas em medidas que visem ao combate ou imuniza\u00e7\u00e3o dos efeitos do v\u00edrus e defini\u00e7\u00e3o de prioridades de execu\u00e7\u00e3o dos recursos pelo Comit\u00ea de Preven\u00e7\u00e3o e Enfrentamento \u00e0 COVID-19. H\u00e1 destaque tamb\u00e9m para a presta\u00e7\u00e3o de contas da aloca\u00e7\u00e3o dos recursos para o acompanhamento pelos vereadores.<\/p>\n<p>O texto ressaltou ainda os alertas de \u00f3rg\u00e3os internacionais para o impacto e necessidade de medidas urgentes, como os apresentados pela Organiza\u00e7\u00e3o Mundial de Sa\u00fade (OMS) e a Comiss\u00e3o Econ\u00f4mica para a Am\u00e9rica Latina e Caribe (Cepal). Com o requerimento, a altera\u00e7\u00e3o da previs\u00e3o or\u00e7ament\u00e1ria depende agora de uma Mensagem do Executivo para ser aprovada pelo Legislativo.<\/p>\n<p>&nbsp;<\/p>\n<p><strong>Fonte:\u00a0<\/strong>Assessoria<\/p>\n","protected":false},"excerpt":{"rendered":"<p>Os vereadores se reuniram nessa quarta-feira (25), e apresentaram um requerimento para que as emendas parlamentares j\u00e1 aprovadas e incorporadas ao exerc\u00edcio financeiro de 2020 sejam direcionadas para medidas de preven\u00e7\u00e3o e enfrentamento \u00e0 COVID-19. O requerimento foi aprovado e encaminhado \u00e0 prefeitura. A medida aguarda agora o envio de uma Mensagem do Poder Executivo [&hellip;]<\/p>\n","protected":false},"author":96,"featured_media":157432,"comment_status":"closed","ping_status":"closed","sticky":false,"template":"","format":"standard","meta":{"footnotes":""},"categories":[253,436,439],"tags":[],"class_list":["post-157431","post","type-post","status-publish","format-standard","has-post-thumbnail","hentry","category-cidade","category-destaque-da-semana","category-ultima-hora"],"_links":{"self":[{"href":"https:\/\/diarioregionaldigital.com.br\/index.php?rest_route=\/wp\/v2\/posts\/157431","targetHints":{"allow":["GET"]}}],"collection":[{"href":"https:\/\/diarioregionaldigital.com.br\/index.php?rest_route=\/wp\/v2\/posts"}],"about":[{"href":"https:\/\/diarioregionaldigital.com.br\/index.php?rest_route=\/wp\/v2\/types\/post"}],"author":[{"embeddable":true,"href":"https:\/\/diarioregionaldigital.com.br\/index.php?rest_route=\/wp\/v2\/users\/96"}],"replies":[{"embeddable":true,"href":"https:\/\/diarioregionaldigital.com.br\/index.php?rest_route=%2Fwp%2Fv2%2Fcomments&post=157431"}],"version-history":[{"count":0,"href":"https:\/\/diarioregionaldigital.com.br\/index.php?rest_route=\/wp\/v2\/posts\/157431\/revisions"}],"wp:featuredmedia":[{"embeddable":true,"href":"https:\/\/diarioregionaldigital.com.br\/index.php?rest_route=\/wp\/v2\/media\/157432"}],"wp:attachment":[{"href":"https:\/\/diarioregionaldigital.com.br\/index.php?rest_route=%2Fwp%2Fv2%2Fmedia&parent=157431"}],"wp:term":[{"taxonomy":"category","embeddable":true,"href":"https:\/\/diarioregionaldigital.com.br\/index.php?rest_route=%2Fwp%2Fv2%2Fcategories&post=157431"},{"taxonomy":"post_tag","embeddable":true,"href":"https:\/\/diarioregionaldigital.com.br\/index.php?rest_route=%2Fwp%2Fv2%2Ftags&post=157431"}],"curies":[{"name":"wp","href":"https:\/\/api.w.org\/{rel}","templated":true}]}}