{"id":157422,"date":"2020-03-26T14:10:25","date_gmt":"2020-03-26T17:10:25","guid":{"rendered":"https:\/\/diarioregionaldigital.com.br\/?p=157422"},"modified":"2020-03-26T14:10:25","modified_gmt":"2020-03-26T17:10:25","slug":"romeu-zema-reune-diretores-de-hospitais-privados-para-tracar-de-acoes-de-apoio-ao-combate-do-covid-19","status":"publish","type":"post","link":"https:\/\/diarioregionaldigital.com.br\/?p=157422","title":{"rendered":"Romeu Zema re\u00fane diretores de hospitais privados para tra\u00e7ar de a\u00e7\u00f5es de apoio ao combate do Covid-19"},"content":{"rendered":"<p>O governador Romeu Zema se reuniu, por videoconfer\u00eancia, na manh\u00e3 desta quinta-feira (26), com diretores de hospitais da rede privada de Minas Gerais para discutir solu\u00e7\u00f5es de amplia\u00e7\u00e3o da capacidade de atendimento e otimizar a estrutura para o tratamento do novo coronav\u00edrus no estado.<\/p>\n<p>Acompanhado pelo secret\u00e1rio estadual de\u00a0Sa\u00fade, Carlos Eduardo Amaral, e pelo\u00a0secret\u00e1rio-geral,\u00a0Mateus Sim\u00f5es, Zema destacou a import\u00e2ncia do di\u00e1logo claro entre o Executivo e as institui\u00e7\u00f5es hospitalares, para manter os boletins atualizados e promover uma vis\u00e3o clara das principais necessidades ambulatoriais.<\/p>\n<p>\u201cEssa situa\u00e7\u00e3o \u00e9 in\u00e9dita para todos n\u00f3s e, por isso, o di\u00e1logo constante \u00e9 t\u00e3o importante. Tenho certeza que, hoje, sabemos muito mais do que sab\u00edamos h\u00e1 15 dias e \u00e9 preciso que as informa\u00e7\u00f5es sejam trocadas com clareza. Essa pandemia \u00e9 tamb\u00e9m uma guerra de comunica\u00e7\u00e3o, cheia de fake news e dados falsos, por isso quero que esse contato entre n\u00f3s permane\u00e7a para manter a troca de informa\u00e7\u00f5es concretas. Sabemos que \u00e9 um momento estressante e, provavelmente, esse estresse aumentar\u00e1 nos pr\u00f3ximos dias, caso a curva de contamina\u00e7\u00e3o suba. Mas estamos tomando todas as medidas para evitar que isso aconte\u00e7a abruptamente e garantir uma boa estrutura de atendimento aos mineiros\u201d, afirmou.<\/p>\n<p>Durante a reuni\u00e3o, o governador elencou as sete principais demandas apresentadas pelos representantes de hospitais \u2013 como a dificuldade para compra de Equipamentos de Prote\u00e7\u00e3o Individual (EPI) e respiradores \u2013 e destacou que todas as decis\u00f5es estaduais ser\u00e3o pautadas em argumentos t\u00e9cnicos e cient\u00edficos.<\/p>\n<p>\u201cSabemos da falta de equipamentos e j\u00e1 estamos tentando viabilizar a aquisi\u00e7\u00e3o local ou a possibilidade de importa\u00e7\u00e3o desse aparato. Caso venhamos a conseguir, com toda certeza, ser\u00e1 destinado, por meio de uma decis\u00e3o t\u00e9cnica, para aqueles locais que tiverem maior incid\u00eancia de contagiados. Estamos, aqui, considerando a ci\u00eancia como uma aliada, e n\u00e3o como algo a ser questionado. Pe\u00e7o a voc\u00eas que repassem \u00e0s esquipes a import\u00e2ncia de todos estarem empenhados neste momento \u00fanico em que podemos salvar milhares de vidas\u201d, ressaltou.<\/p>\n<p>O secret\u00e1rio-geral, Mateus Sim\u00f5es, pediu que os hospitais enviem o mais r\u00e1pido poss\u00edvel as notifica\u00e7\u00f5es de casos confirmados para a Secretaria de Estado de Sa\u00fade (SES-MG), para acelerar as estat\u00edsticas e amparar a tomada de decis\u00f5es.<\/p>\n<p>\u201cQuanto mais r\u00e1pido tivermos ci\u00eancia do surgimento de novos casos, mais acertada ser\u00e1 a nossa estat\u00edstica e, consequentemente, as a\u00e7\u00f5es estaduais. \u00c9 importante que corra tudo bem na rede privada, para que o sistema p\u00fablico n\u00e3o fique ainda mais sobrecarregado\u201d, disse.<\/p>\n<p>Ele tamb\u00e9m explicou a decis\u00e3o do governo estadual de manter a ordem de isolamento social neste primeiro momento.<\/p>\n<p>\u201cSabemos que essas medidas s\u00e3o danosas para a economia, inclusive dos hospitais, mas precisamos lembrar que toda a estrutura que temos ainda seria pouca, caso cheg\u00e1ssemos a n\u00edveis como os registrados na It\u00e1lia e em outros pa\u00edses. Vamos avaliar essas a\u00e7\u00f5es a cada dia, conforme a evolu\u00e7\u00e3o observada por aqui\u201d, finalizou.<\/p>\n<p>Participaram da videoconfer\u00eancia representantes dos hospitais Madre Teresa (Belo Horizonte), Mater Dei (Belo Horizonte), M\u00e1rcio Cunha (Ipatinga), Santa Clara (Uberl\u00e2ndia), Santa Genoveva (Uberl\u00e2ndia), Biocor (Belo Horizonte), Fel\u00edcio Rocho (Belo Horizonte), Unimed (Belo Horizonte), Monte Sinai (Juiz de Fora), Hospital das Clinicas (Montes Claros), Santa L\u00facia (Divinop\u00f3lis), Unimed (Governador Valadares) e Unimed (Juiz de Fora).<\/p>\n<p>&nbsp;<\/p>\n<p><strong>Fonte:\u00a0<\/strong>Ag\u00eancia Minas<\/p>\n","protected":false},"excerpt":{"rendered":"<p>O governador Romeu Zema se reuniu, por videoconfer\u00eancia, na manh\u00e3 desta quinta-feira (26), com diretores de hospitais da rede privada de Minas Gerais para discutir solu\u00e7\u00f5es de amplia\u00e7\u00e3o da capacidade de atendimento e otimizar a estrutura para o tratamento do novo coronav\u00edrus no estado. Acompanhado pelo secret\u00e1rio estadual de\u00a0Sa\u00fade, Carlos Eduardo Amaral, e pelo\u00a0secret\u00e1rio-geral,\u00a0Mateus Sim\u00f5es, [&hellip;]<\/p>\n","protected":false},"author":96,"featured_media":157423,"comment_status":"closed","ping_status":"closed","sticky":false,"template":"","format":"standard","meta":{"footnotes":""},"categories":[436,252,439],"tags":[],"class_list":["post-157422","post","type-post","status-publish","format-standard","has-post-thumbnail","hentry","category-destaque-da-semana","category-regiao","category-ultima-hora"],"_links":{"self":[{"href":"https:\/\/diarioregionaldigital.com.br\/index.php?rest_route=\/wp\/v2\/posts\/157422","targetHints":{"allow":["GET"]}}],"collection":[{"href":"https:\/\/diarioregionaldigital.com.br\/index.php?rest_route=\/wp\/v2\/posts"}],"about":[{"href":"https:\/\/diarioregionaldigital.com.br\/index.php?rest_route=\/wp\/v2\/types\/post"}],"author":[{"embeddable":true,"href":"https:\/\/diarioregionaldigital.com.br\/index.php?rest_route=\/wp\/v2\/users\/96"}],"replies":[{"embeddable":true,"href":"https:\/\/diarioregionaldigital.com.br\/index.php?rest_route=%2Fwp%2Fv2%2Fcomments&post=157422"}],"version-history":[{"count":0,"href":"https:\/\/diarioregionaldigital.com.br\/index.php?rest_route=\/wp\/v2\/posts\/157422\/revisions"}],"wp:featuredmedia":[{"embeddable":true,"href":"https:\/\/diarioregionaldigital.com.br\/index.php?rest_route=\/wp\/v2\/media\/157423"}],"wp:attachment":[{"href":"https:\/\/diarioregionaldigital.com.br\/index.php?rest_route=%2Fwp%2Fv2%2Fmedia&parent=157422"}],"wp:term":[{"taxonomy":"category","embeddable":true,"href":"https:\/\/diarioregionaldigital.com.br\/index.php?rest_route=%2Fwp%2Fv2%2Fcategories&post=157422"},{"taxonomy":"post_tag","embeddable":true,"href":"https:\/\/diarioregionaldigital.com.br\/index.php?rest_route=%2Fwp%2Fv2%2Ftags&post=157422"}],"curies":[{"name":"wp","href":"https:\/\/api.w.org\/{rel}","templated":true}]}}