{"id":157419,"date":"2020-03-26T14:07:11","date_gmt":"2020-03-26T17:07:11","guid":{"rendered":"https:\/\/diarioregionaldigital.com.br\/?p=157419"},"modified":"2020-03-26T14:07:11","modified_gmt":"2020-03-26T17:07:11","slug":"mortes-por-coronavirus-na-espanha-ultrapassam-4-mil","status":"publish","type":"post","link":"https:\/\/diarioregionaldigital.com.br\/?p=157419","title":{"rendered":"Mortes por coronav\u00edrus na Espanha ultrapassam 4 mil"},"content":{"rendered":"<p>A Espanha registrou 655 mortes pelo novo coronav\u00edrus nas \u00faltimas 24 horas, um n\u00famero menor do que as 700 dessa quarta-feira, informou hoje (26) o Minist\u00e9rio da Sa\u00fade. O\u00a0total de mortes\u00a0no pa\u00eds ultrapassou 4 mil.<\/p>\n<p>O n\u00famero total de casos de coronav\u00edrus subiu de 47.610 para 56.188 ontem. As mortes causadas pelo v\u00edrus subiram para 4.089, diante das 3.434 de quarta-feira, informou o minist\u00e9rio.<\/p>\n<p>&nbsp;<\/p>\n<p><strong>Fonte:\u00a0<\/strong>Ag\u00eancia Brasil<\/p>\n","protected":false},"excerpt":{"rendered":"<p>A Espanha registrou 655 mortes pelo novo coronav\u00edrus nas \u00faltimas 24 horas, um n\u00famero menor do que as 700 dessa quarta-feira, informou hoje (26) o Minist\u00e9rio da Sa\u00fade. O\u00a0total de mortes\u00a0no pa\u00eds ultrapassou 4 mil. O n\u00famero total de casos de coronav\u00edrus subiu de 47.610 para 56.188 ontem. As mortes causadas pelo v\u00edrus subiram para [&hellip;]<\/p>\n","protected":false},"author":96,"featured_media":157420,"comment_status":"closed","ping_status":"closed","sticky":false,"template":"","format":"standard","meta":{"footnotes":""},"categories":[302,436,439],"tags":[],"class_list":["post-157419","post","type-post","status-publish","format-standard","has-post-thumbnail","hentry","category-brasil-mundo","category-destaque-da-semana","category-ultima-hora"],"_links":{"self":[{"href":"https:\/\/diarioregionaldigital.com.br\/index.php?rest_route=\/wp\/v2\/posts\/157419","targetHints":{"allow":["GET"]}}],"collection":[{"href":"https:\/\/diarioregionaldigital.com.br\/index.php?rest_route=\/wp\/v2\/posts"}],"about":[{"href":"https:\/\/diarioregionaldigital.com.br\/index.php?rest_route=\/wp\/v2\/types\/post"}],"author":[{"embeddable":true,"href":"https:\/\/diarioregionaldigital.com.br\/index.php?rest_route=\/wp\/v2\/users\/96"}],"replies":[{"embeddable":true,"href":"https:\/\/diarioregionaldigital.com.br\/index.php?rest_route=%2Fwp%2Fv2%2Fcomments&post=157419"}],"version-history":[{"count":0,"href":"https:\/\/diarioregionaldigital.com.br\/index.php?rest_route=\/wp\/v2\/posts\/157419\/revisions"}],"wp:featuredmedia":[{"embeddable":true,"href":"https:\/\/diarioregionaldigital.com.br\/index.php?rest_route=\/wp\/v2\/media\/157420"}],"wp:attachment":[{"href":"https:\/\/diarioregionaldigital.com.br\/index.php?rest_route=%2Fwp%2Fv2%2Fmedia&parent=157419"}],"wp:term":[{"taxonomy":"category","embeddable":true,"href":"https:\/\/diarioregionaldigital.com.br\/index.php?rest_route=%2Fwp%2Fv2%2Fcategories&post=157419"},{"taxonomy":"post_tag","embeddable":true,"href":"https:\/\/diarioregionaldigital.com.br\/index.php?rest_route=%2Fwp%2Fv2%2Ftags&post=157419"}],"curies":[{"name":"wp","href":"https:\/\/api.w.org\/{rel}","templated":true}]}}