{"id":157416,"date":"2020-03-26T14:03:41","date_gmt":"2020-03-26T17:03:41","guid":{"rendered":"https:\/\/diarioregionaldigital.com.br\/?p=157416"},"modified":"2020-03-26T14:57:10","modified_gmt":"2020-03-26T17:57:10","slug":"em-menos-de-24-horas-juiz-de-fora-tem-aumento-de-46-casos-suspeitos","status":"publish","type":"post","link":"https:\/\/diarioregionaldigital.com.br\/?p=157416","title":{"rendered":"Em menos de 24 horas, Juiz de Fora tem aumento de 46 casos suspeitos"},"content":{"rendered":"<p>Desde o \u00faltimo boletim divulgado nessa quarta-feira (25), pela Secretaria de Estado da Sa\u00fade de Minas Gerais (SES-MG), a cidade de Juiz de Fora teve aumento de 46 casos suspeitos de Coronav\u00edrus. O boletim atualizado foi divulgado na manh\u00e3 desta quinta-feira (26).<\/p>\n<p>Segundo o levantamento, at\u00e9 ontem haviam 138 casos suspeitos da doen\u00e7a. O novo boletim divulgado hoje aponta aumento para 184. At\u00e9 ent\u00e3o est\u00e3o registrados 198 notifica\u00e7\u00f5es e n\u00e3o houve altera\u00e7\u00f5es no n\u00famero de casos confirmados (8) e descartados (6).<\/p>\n<p>Quanto ao estado de Minas Gerais, foram contabilizadas 17.865 notifica\u00e7\u00f5es. Os casos suspeitos cresceram de 12 mil para 17.409, os confirmados subiram de 133 para 153 e os descartados aumentaram de 301 para 303.<\/p>\n<p>Em rela\u00e7\u00e3o aos casos pelo estado, a lista atualizada apresentou mudan\u00e7as, incluindo as cidades que tiveram os primeiros casos confirmados: Boa Esperan\u00e7a, Governador Valadares e S\u00e3o Jo\u00e3o Del Rei.<\/p>\n<p>Os dados atualizados agora s\u00e3o: <strong>Belo Horizonte (96)<\/strong>, <strong>Betim (3)<\/strong>, <strong>Boa Esperan\u00e7a (1)<\/strong>, Bom Despacho (1), Campos Altos (1), Contagem (2), Coronel Fabriciano (1), <strong>Divin\u00f3polis (2)<\/strong>, <strong>Governador Valadares (1)<\/strong>, Ipatinga (1), Juiz de Fora (8), <strong>Lagoa da Prata (2)<\/strong>, Mariana (2), <strong>Nova Lima (11)<\/strong>, Patroc\u00ednio (1), <strong>Po\u00e7os de Caldas (1)<\/strong>, <strong>S\u00e3o Jo\u00e3o Del Rei (1)<\/strong>, Sete Lagoas (2), Tim\u00f3teo (1), Uberaba (3), <strong>Uberl\u00e2ndia (7)<\/strong> e outros munic\u00edpios em investiga\u00e7\u00e3o (5).<\/p>\n","protected":false},"excerpt":{"rendered":"<p>Desde o \u00faltimo boletim divulgado nessa quarta-feira (25), pela Secretaria de Estado da Sa\u00fade de Minas Gerais (SES-MG), a cidade de Juiz de Fora teve aumento de 46 casos suspeitos de Coronav\u00edrus. O boletim atualizado foi divulgado na manh\u00e3 desta quinta-feira (26). Segundo o levantamento, at\u00e9 ontem haviam 138 casos suspeitos da doen\u00e7a. O novo [&hellip;]<\/p>\n","protected":false},"author":96,"featured_media":157417,"comment_status":"closed","ping_status":"closed","sticky":false,"template":"","format":"standard","meta":{"footnotes":""},"categories":[253,436,440,439],"tags":[],"class_list":["post-157416","post","type-post","status-publish","format-standard","has-post-thumbnail","hentry","category-cidade","category-destaque-da-semana","category-destaques-do-dia","category-ultima-hora"],"_links":{"self":[{"href":"https:\/\/diarioregionaldigital.com.br\/index.php?rest_route=\/wp\/v2\/posts\/157416","targetHints":{"allow":["GET"]}}],"collection":[{"href":"https:\/\/diarioregionaldigital.com.br\/index.php?rest_route=\/wp\/v2\/posts"}],"about":[{"href":"https:\/\/diarioregionaldigital.com.br\/index.php?rest_route=\/wp\/v2\/types\/post"}],"author":[{"embeddable":true,"href":"https:\/\/diarioregionaldigital.com.br\/index.php?rest_route=\/wp\/v2\/users\/96"}],"replies":[{"embeddable":true,"href":"https:\/\/diarioregionaldigital.com.br\/index.php?rest_route=%2Fwp%2Fv2%2Fcomments&post=157416"}],"version-history":[{"count":0,"href":"https:\/\/diarioregionaldigital.com.br\/index.php?rest_route=\/wp\/v2\/posts\/157416\/revisions"}],"wp:featuredmedia":[{"embeddable":true,"href":"https:\/\/diarioregionaldigital.com.br\/index.php?rest_route=\/wp\/v2\/media\/157417"}],"wp:attachment":[{"href":"https:\/\/diarioregionaldigital.com.br\/index.php?rest_route=%2Fwp%2Fv2%2Fmedia&parent=157416"}],"wp:term":[{"taxonomy":"category","embeddable":true,"href":"https:\/\/diarioregionaldigital.com.br\/index.php?rest_route=%2Fwp%2Fv2%2Fcategories&post=157416"},{"taxonomy":"post_tag","embeddable":true,"href":"https:\/\/diarioregionaldigital.com.br\/index.php?rest_route=%2Fwp%2Fv2%2Ftags&post=157416"}],"curies":[{"name":"wp","href":"https:\/\/api.w.org\/{rel}","templated":true}]}}