{"id":157414,"date":"2020-03-26T14:01:35","date_gmt":"2020-03-26T17:01:35","guid":{"rendered":"https:\/\/diarioregionaldigital.com.br\/?p=157414"},"modified":"2020-03-26T14:01:35","modified_gmt":"2020-03-26T17:01:35","slug":"coronavirus-mata-18-440-em-todo-o-mundo-diz-oms","status":"publish","type":"post","link":"https:\/\/diarioregionaldigital.com.br\/?p=157414","title":{"rendered":"Coronav\u00edrus mata 18.440 em todo o mundo, diz OMS"},"content":{"rendered":"<p>O n\u00famero de pessoas infectadas com o novo coronav\u00edrus ultrapassou 400 mil em todo o mundo, com a maior quantidade de mortes na Europa. Segundo a Organiza\u00e7\u00e3o Mundial da Sa\u00fade (OMS), at\u00e9 a \u00faltima\u00a0quarta-feira (25) , o total de infec\u00e7\u00f5es havia aumentado em 40.712 em rela\u00e7\u00e3o ao dia anterior, atingindo 414.179 em 199 pa\u00edses e territ\u00f3rios.<\/p>\n<p>J\u00e1 o total de mortes teve um crescimento de 2.202, chegando a 18.440. A It\u00e1lia registrou a maior quantidade de mortes. O n\u00famero do governo \u2013 7.503 \u2013 \u00e9 quase o dobro da China. L\u00edderes de governos locais na It\u00e1lia t\u00eam utilizado a internet para exortar moradores a permanecerem em casa, porque muitas pessoas est\u00e3o ignorando o confinamento vigente em todo o pa\u00eds, o que agrava a situa\u00e7\u00e3o.<\/p>\n<p>&nbsp;<\/p>\n<p><strong>Fonte:<\/strong>\u00a0Ag\u00eancia Brasil<\/p>\n","protected":false},"excerpt":{"rendered":"<p>O n\u00famero de pessoas infectadas com o novo coronav\u00edrus ultrapassou 400 mil em todo o mundo, com a maior quantidade de mortes na Europa. Segundo a Organiza\u00e7\u00e3o Mundial da Sa\u00fade (OMS), at\u00e9 a \u00faltima\u00a0quarta-feira (25) , o total de infec\u00e7\u00f5es havia aumentado em 40.712 em rela\u00e7\u00e3o ao dia anterior, atingindo 414.179 em 199 pa\u00edses e [&hellip;]<\/p>\n","protected":false},"author":96,"featured_media":154638,"comment_status":"closed","ping_status":"closed","sticky":false,"template":"","format":"standard","meta":{"footnotes":""},"categories":[302,436,439],"tags":[],"class_list":["post-157414","post","type-post","status-publish","format-standard","has-post-thumbnail","hentry","category-brasil-mundo","category-destaque-da-semana","category-ultima-hora"],"_links":{"self":[{"href":"https:\/\/diarioregionaldigital.com.br\/index.php?rest_route=\/wp\/v2\/posts\/157414","targetHints":{"allow":["GET"]}}],"collection":[{"href":"https:\/\/diarioregionaldigital.com.br\/index.php?rest_route=\/wp\/v2\/posts"}],"about":[{"href":"https:\/\/diarioregionaldigital.com.br\/index.php?rest_route=\/wp\/v2\/types\/post"}],"author":[{"embeddable":true,"href":"https:\/\/diarioregionaldigital.com.br\/index.php?rest_route=\/wp\/v2\/users\/96"}],"replies":[{"embeddable":true,"href":"https:\/\/diarioregionaldigital.com.br\/index.php?rest_route=%2Fwp%2Fv2%2Fcomments&post=157414"}],"version-history":[{"count":0,"href":"https:\/\/diarioregionaldigital.com.br\/index.php?rest_route=\/wp\/v2\/posts\/157414\/revisions"}],"wp:featuredmedia":[{"embeddable":true,"href":"https:\/\/diarioregionaldigital.com.br\/index.php?rest_route=\/wp\/v2\/media\/154638"}],"wp:attachment":[{"href":"https:\/\/diarioregionaldigital.com.br\/index.php?rest_route=%2Fwp%2Fv2%2Fmedia&parent=157414"}],"wp:term":[{"taxonomy":"category","embeddable":true,"href":"https:\/\/diarioregionaldigital.com.br\/index.php?rest_route=%2Fwp%2Fv2%2Fcategories&post=157414"},{"taxonomy":"post_tag","embeddable":true,"href":"https:\/\/diarioregionaldigital.com.br\/index.php?rest_route=%2Fwp%2Fv2%2Ftags&post=157414"}],"curies":[{"name":"wp","href":"https:\/\/api.w.org\/{rel}","templated":true}]}}