{"id":157412,"date":"2020-03-26T13:58:49","date_gmt":"2020-03-26T16:58:49","guid":{"rendered":"https:\/\/diarioregionaldigital.com.br\/?p=157412"},"modified":"2020-03-26T13:58:49","modified_gmt":"2020-03-26T16:58:49","slug":"saude-destina-mais-r-600-mi-para-acoes-de-combate-a-pandemia","status":"publish","type":"post","link":"https:\/\/diarioregionaldigital.com.br\/?p=157412","title":{"rendered":"Sa\u00fade destina mais R$ 600 mi para a\u00e7\u00f5es de combate \u00e0 pandemia"},"content":{"rendered":"<p><em>Outros R$ 400 milh\u00f5es j\u00e1 haviam sido enviados a todos os estados do pa\u00eds neste m\u00eas. Agora, os secret\u00e1rios estaduais de sa\u00fade, em conjunto com cada um de seus munic\u00edpios, ir\u00e3o definir a destina\u00e7\u00e3o dos novos recursos e informar quais valores ser\u00e3o destinados para cada munic\u00edpio<\/em><\/p>\n<p>O Minist\u00e9rio da Sa\u00fade anunciou, nesta quarta-feira (25\/03), a libera\u00e7\u00e3o de mais R$ 600 milh\u00f5es para estados e munic\u00edpios refor\u00e7arem o plano de conting\u00eancia para o enfrentamento da Covid-19. A orienta\u00e7\u00e3o \u00e9 que cada estado discuta e defina junto aos seus munic\u00edpios quais valores ser\u00e3o destinados para cada um. O recurso poder\u00e1 ser utilizado em a\u00e7\u00f5es de assist\u00eancia, inclusive, para abertura de novos leitos ou custeio de leitos j\u00e1 existentes nos estados e munic\u00edpios.<\/p>\n<p>\u201cN\u00f3s vamos repassar R$ 600 milh\u00f5es aos munic\u00edpios de acordo com a pactua\u00e7\u00e3o local. Cada estado vai fazer hoje a sua divis\u00e3o, de como vai fazer a aloca\u00e7\u00e3o dos recursos e informar amanh\u00e3 ao Minist\u00e9rio da Sa\u00fade, dentro das orienta\u00e7\u00f5es que n\u00f3s demos, quais s\u00e3o os munic\u00edpios onde ter\u00e3o atendimento de maior complexidade. A partir disso, a gente repassa o recurso para que os munic\u00edpios utilizem da melhor forma poss\u00edvel no que houver necessidade\u201d, explicou o ministro da Sa\u00fade, Luiz Henrique Mandetta.<\/p>\n<p>A distribui\u00e7\u00e3o do recurso \u00e9 proporcional ao n\u00famero de habitantes de cada estado, que precisa definir os locais que ter\u00e3o atendimento de maior complexidade e, com isso, maior necessidade de refor\u00e7o or\u00e7ament\u00e1rio. S\u00e3o, no m\u00ednimo, R$ 2 e, no m\u00e1ximo, R$ 5 por habitante. Na semana passada, o Minist\u00e9rio da Sa\u00fade j\u00e1 havia destinado R$ 432 milh\u00f5es para auxiliar os estados e munic\u00edpios no enfrentamento da pandemia.<\/p>\n<p>O ministro da Sa\u00fade refor\u00e7ou a import\u00e2ncia do uso racional do sistema de sa\u00fade e das a\u00e7\u00f5es de preven\u00e7\u00e3o nesse momento. \u201c\u00c9 important\u00edssimo que fa\u00e7amos bom uso do sistema de sa\u00fade, por isso \u00e9 preciso prevenir aquelas doen\u00e7as que concorrem com leitos de CTI. A vacina contra a influenza \u00e9 um instrumento para isso, principalmente para os idosos, j\u00e1 que os v\u00edrus das influenzas, como H1N1, levam tanto quanto ou at\u00e9 mais pessoas para os servi\u00e7os de CTI no Brasil\u201d, destacou o ministro.<\/p>\n<p>Mandetta refor\u00e7ou, ainda, as medidas de preven\u00e7\u00e3o. \u201cQualquer pessoa resfriada, gripada: evite o contato com outras pessoas. Mantenha a higiene das m\u00e3os para que a gente possa ter uma somat\u00f3ria de a\u00e7\u00f5es que nos d\u00ea equil\u00edbrio para podermos atravessar esse momento de muito estresse para as pessoas e para o sistema de sa\u00fade\u201d, concluiu. \u201cN\u00f3s n\u00e3o vamos mudar um mil\u00edmetro do foco na vida. N\u00f3s vamos focar na vida das pessoas durante todo esse per\u00edodo. N\u00e3o vamos perder o foco que n\u00f3s j\u00e1 constru\u00edmos e estamos todos muitos conscientes, no foco da prote\u00e7\u00e3o da vida\u201d, concluiu o ministro da Sa\u00fade.<\/p>\n<p>Outros R$ 400 milh\u00f5es j\u00e1 haviam sido enviados a todos os estados do pa\u00eds neste m\u00eas para serem utilizados conforme a necessidade do enfrentamento \u00e0 doen\u00e7a. A distribui\u00e7\u00e3o tamb\u00e9m foi proporcional ao n\u00famero de habitantes de cada estado, sendo R$ 2 per capita.<\/p>\n<p><strong>Isolamento social<\/strong><\/p>\n<p>Sobre as medidas para conten\u00e7\u00e3o do coronav\u00edrus, o ministro da Sa\u00fade, Luiz Henrique Mandetta, destacou a necessidade de um trabalho coletivo, com \u00f3rg\u00e3os diversos. \u201cQuarentena sem prazo determinado para terminar vira uma parede na frente das necessidades das pessoas que precisam comer, que precisam abastecer suas casas, que precisam ir aos supermercados e que precisam ir e vir, porque isso faz parte da pr\u00f3pria sobreviv\u00eancia\u201d, comentou.<\/p>\n<p>&nbsp;<\/p>\n<p><strong>Fonte:\u00a0<\/strong>Assessoria<\/p>\n","protected":false},"excerpt":{"rendered":"<p>Outros R$ 400 milh\u00f5es j\u00e1 haviam sido enviados a todos os estados do pa\u00eds neste m\u00eas. Agora, os secret\u00e1rios estaduais de sa\u00fade, em conjunto com cada um de seus munic\u00edpios, ir\u00e3o definir a destina\u00e7\u00e3o dos novos recursos e informar quais valores ser\u00e3o destinados para cada munic\u00edpio O Minist\u00e9rio da Sa\u00fade anunciou, nesta quarta-feira (25\/03), a [&hellip;]<\/p>\n","protected":false},"author":96,"featured_media":154491,"comment_status":"closed","ping_status":"closed","sticky":false,"template":"","format":"standard","meta":{"footnotes":""},"categories":[302,436,440,439],"tags":[],"class_list":["post-157412","post","type-post","status-publish","format-standard","has-post-thumbnail","hentry","category-brasil-mundo","category-destaque-da-semana","category-destaques-do-dia","category-ultima-hora"],"_links":{"self":[{"href":"https:\/\/diarioregionaldigital.com.br\/index.php?rest_route=\/wp\/v2\/posts\/157412","targetHints":{"allow":["GET"]}}],"collection":[{"href":"https:\/\/diarioregionaldigital.com.br\/index.php?rest_route=\/wp\/v2\/posts"}],"about":[{"href":"https:\/\/diarioregionaldigital.com.br\/index.php?rest_route=\/wp\/v2\/types\/post"}],"author":[{"embeddable":true,"href":"https:\/\/diarioregionaldigital.com.br\/index.php?rest_route=\/wp\/v2\/users\/96"}],"replies":[{"embeddable":true,"href":"https:\/\/diarioregionaldigital.com.br\/index.php?rest_route=%2Fwp%2Fv2%2Fcomments&post=157412"}],"version-history":[{"count":0,"href":"https:\/\/diarioregionaldigital.com.br\/index.php?rest_route=\/wp\/v2\/posts\/157412\/revisions"}],"wp:featuredmedia":[{"embeddable":true,"href":"https:\/\/diarioregionaldigital.com.br\/index.php?rest_route=\/wp\/v2\/media\/154491"}],"wp:attachment":[{"href":"https:\/\/diarioregionaldigital.com.br\/index.php?rest_route=%2Fwp%2Fv2%2Fmedia&parent=157412"}],"wp:term":[{"taxonomy":"category","embeddable":true,"href":"https:\/\/diarioregionaldigital.com.br\/index.php?rest_route=%2Fwp%2Fv2%2Fcategories&post=157412"},{"taxonomy":"post_tag","embeddable":true,"href":"https:\/\/diarioregionaldigital.com.br\/index.php?rest_route=%2Fwp%2Fv2%2Ftags&post=157412"}],"curies":[{"name":"wp","href":"https:\/\/api.w.org\/{rel}","templated":true}]}}