{"id":157399,"date":"2020-03-26T06:00:22","date_gmt":"2020-03-26T09:00:22","guid":{"rendered":"https:\/\/diarioregionaldigital.com.br\/?p=157399"},"modified":"2020-03-25T21:23:00","modified_gmt":"2020-03-26T00:23:00","slug":"brilho-total","status":"publish","type":"post","link":"https:\/\/diarioregionaldigital.com.br\/?p=157399","title":{"rendered":"Brilho Total"},"content":{"rendered":"<p style=\"text-align: center;\"><strong>Brilho Total<\/strong><\/p>\n<p style=\"text-align: center;\">Glitter numa hora dessas? A arte de Sara Shakeel viralizou. Do feed da prestigiosa Saatchi Gallery de Londres, ao da atriz brasileira Fernanda Paes Leme, a imagem das m\u00e3os sendo lavadas pipocou por a\u00ed. Embora seja um momento dif\u00edcil para todos, as mensagens se espalharam positivamente, promovendo a autoconsci\u00eancia.<\/p>\n<p style=\"text-align: center;\"><strong>Moda Show<\/strong><\/p>\n<p style=\"text-align: center;\">Agora \u00e9 a vez delas. Em bot\u00f5es de minissaias, al\u00e7as de bolsas, fivelas de cavalo e at\u00e9 nos cal\u00e7ados, as p\u00e9rolas est\u00e3o por toda parte nesta temporada. Use sem medo e arrase quarteir\u00f5es.<\/p>\n<p style=\"text-align: center;\"><strong>Ap\u00f3s Decreto<\/strong><\/p>\n<p style=\"text-align: center;\">Continua em Juiz de Fora a mobiliza\u00e7\u00e3o contra o Coronav\u00edrus. O Conselho de Pastores de Juiz de Fora (Conpas) afirmou estar de acordo com a decis\u00e3o tomada pela Prefeitura que proibiu o funcionamento de igrejas e templos religiosos para evitar aglomera\u00e7\u00f5es em esfor\u00e7o para tentar deter o avan\u00e7o do Coronav\u00edrus em Juiz de Fora.<\/p>\n<p style=\"text-align: center;\"><strong>Heran\u00e7a<\/strong><\/p>\n<p style=\"text-align: center;\">Rainha das panelas e ca\u00e7arolas, Maby Pimentel resgatou a receita da av\u00f3 que viveu na Fran\u00e7a, trouxe para Juiz de Fora e presenteou este colunista com latas de foiegras. Feitos com f\u00edgado de galinha, al\u00e9m do tradicional vem na vers\u00e3o de pistache e funghi. (R$45)<\/p>\n<p style=\"text-align: center;\"><strong>Sa\u00fade<\/strong><\/p>\n<p style=\"text-align: center;\">Com reagendamento garantido, Hospital Universit\u00e1rio da UFJF, est\u00e1 com procedimentos eletivos com temporariamente suspensos. A medida visa a evitar aglomera\u00e7\u00f5es nas unidades hospitalares e exposi\u00e7\u00e3o desnecess\u00e1ria ao risco de contamina\u00e7\u00e3o pela Covid-19. O reagendamento est\u00e1 garantido, pela institui\u00e7\u00e3o, logo que a situa\u00e7\u00e3o normalize.<\/p>\n<p style=\"text-align: center;\"><span style=\"font-size: 14pt;\"><strong>Para Refletir<\/strong><\/span><\/p>\n<p>Luxo hoje \u00e9 ser sustent\u00e1vel. Controlar e ficar em casa lendo, assistindo filmes, fazendo brigadeiro e produzindo o bem. (do colunista).<\/p>\n<div id=\"attachment_157388\" style=\"width: 690px\" class=\"wp-caption aligncenter\"><img loading=\"lazy\" decoding=\"async\" aria-describedby=\"caption-attachment-157388\" class=\"wp-image-157388\" src=\"https:\/\/diarioregionaldigital.com.br\/wp-content\/uploads\/fotoa-44.jpg\" alt=\"\" width=\"680\" height=\"453\" srcset=\"https:\/\/diarioregionaldigital.com.br\/wp-content\/uploads\/fotoa-44.jpg 2416w, https:\/\/diarioregionaldigital.com.br\/wp-content\/uploads\/fotoa-44-300x200.jpg 300w, https:\/\/diarioregionaldigital.com.br\/wp-content\/uploads\/fotoa-44-768x511.jpg 768w, https:\/\/diarioregionaldigital.com.br\/wp-content\/uploads\/fotoa-44-1024x682.jpg 1024w, https:\/\/diarioregionaldigital.com.br\/wp-content\/uploads\/fotoa-44-360x240.jpg 360w\" sizes=\"auto, (max-width: 680px) 100vw, 680px\" \/><p id=\"caption-attachment-157388\" class=\"wp-caption-text\">Em campanha #Foracoronav\u00edrus, o primeiro time desta coluna social DR-on-line: Helenise Machado, Eduardo Gomes, V\u00e2nia Borato, Ricardo Alex, M\u00e1rcio Marques e Rose Oliveira<\/p><\/div>\n<div id=\"attachment_157389\" style=\"width: 690px\" class=\"wp-caption aligncenter\"><img loading=\"lazy\" decoding=\"async\" aria-describedby=\"caption-attachment-157389\" class=\"wp-image-157389\" src=\"https:\/\/diarioregionaldigital.com.br\/wp-content\/uploads\/fotob-48-e1585180847119.jpg\" alt=\"\" width=\"680\" height=\"476\" srcset=\"https:\/\/diarioregionaldigital.com.br\/wp-content\/uploads\/fotob-48-e1585180847119.jpg 1715w, https:\/\/diarioregionaldigital.com.br\/wp-content\/uploads\/fotob-48-e1585180847119-768x537.jpg 768w, https:\/\/diarioregionaldigital.com.br\/wp-content\/uploads\/fotob-48-e1585180847119-1024x717.jpg 1024w, https:\/\/diarioregionaldigital.com.br\/wp-content\/uploads\/fotob-48-e1585180847119-360x252.jpg 360w, https:\/\/diarioregionaldigital.com.br\/wp-content\/uploads\/fotob-48-e1585180847119-100x70.jpg 100w\" sizes=\"auto, (max-width: 680px) 100vw, 680px\" \/><p id=\"caption-attachment-157389\" class=\"wp-caption-text\">O professor e psic\u00f3logo Fred Alvim foi e curtiu a beleza barroca de Tiradentes (MG)<\/p><\/div>\n<div id=\"attachment_157390\" style=\"width: 690px\" class=\"wp-caption aligncenter\"><img loading=\"lazy\" decoding=\"async\" aria-describedby=\"caption-attachment-157390\" class=\"wp-image-157390\" src=\"https:\/\/diarioregionaldigital.com.br\/wp-content\/uploads\/fotoc-45-e1585180880974.jpg\" alt=\"\" width=\"680\" height=\"492\" srcset=\"https:\/\/diarioregionaldigital.com.br\/wp-content\/uploads\/fotoc-45-e1585180880974.jpg 1787w, https:\/\/diarioregionaldigital.com.br\/wp-content\/uploads\/fotoc-45-e1585180880974-300x217.jpg 300w, https:\/\/diarioregionaldigital.com.br\/wp-content\/uploads\/fotoc-45-e1585180880974-1024x741.jpg 1024w, https:\/\/diarioregionaldigital.com.br\/wp-content\/uploads\/fotoc-45-e1585180880974-360x261.jpg 360w\" sizes=\"auto, (max-width: 680px) 100vw, 680px\" \/><p id=\"caption-attachment-157390\" class=\"wp-caption-text\">O charme de Marcicleide Silv\u00e9rio, em ritmo de chegada do outono<\/p><\/div>\n<div id=\"attachment_157391\" style=\"width: 690px\" class=\"wp-caption aligncenter\"><img loading=\"lazy\" decoding=\"async\" aria-describedby=\"caption-attachment-157391\" class=\"wp-image-157391\" src=\"https:\/\/diarioregionaldigital.com.br\/wp-content\/uploads\/fotod-44-e1585180920515.jpg\" alt=\"\" width=\"680\" height=\"503\" srcset=\"https:\/\/diarioregionaldigital.com.br\/wp-content\/uploads\/fotod-44-e1585180920515.jpg 1723w, https:\/\/diarioregionaldigital.com.br\/wp-content\/uploads\/fotod-44-e1585180920515-300x222.jpg 300w, https:\/\/diarioregionaldigital.com.br\/wp-content\/uploads\/fotod-44-e1585180920515-768x568.jpg 768w, https:\/\/diarioregionaldigital.com.br\/wp-content\/uploads\/fotod-44-e1585180920515-360x266.jpg 360w\" sizes=\"auto, (max-width: 680px) 100vw, 680px\" \/><p id=\"caption-attachment-157391\" class=\"wp-caption-text\">Fazendo a linha \u201cJuntos Somos mais fortes\u201d, S\u00e9rgio Felix (Sinteac), vereador J\u00falio Obama Jr. e Thiago Silva<\/p><\/div>\n<div id=\"attachment_157392\" style=\"width: 690px\" class=\"wp-caption aligncenter\"><img loading=\"lazy\" decoding=\"async\" aria-describedby=\"caption-attachment-157392\" class=\"wp-image-157392\" src=\"https:\/\/diarioregionaldigital.com.br\/wp-content\/uploads\/fotoe-42-e1585180951997.jpg\" alt=\"\" width=\"680\" height=\"537\" srcset=\"https:\/\/diarioregionaldigital.com.br\/wp-content\/uploads\/fotoe-42-e1585180951997.jpg 1904w, https:\/\/diarioregionaldigital.com.br\/wp-content\/uploads\/fotoe-42-e1585180951997-300x237.jpg 300w, https:\/\/diarioregionaldigital.com.br\/wp-content\/uploads\/fotoe-42-e1585180951997-768x607.jpg 768w, https:\/\/diarioregionaldigital.com.br\/wp-content\/uploads\/fotoe-42-e1585180951997-1024x809.jpg 1024w, https:\/\/diarioregionaldigital.com.br\/wp-content\/uploads\/fotoe-42-e1585180951997-360x284.jpg 360w\" sizes=\"auto, (max-width: 680px) 100vw, 680px\" \/><p id=\"caption-attachment-157392\" class=\"wp-caption-text\">Mulheres refinadas na Assunta, Elaine Cruz, Lucimar Nogueira e Andreia Portilho<\/p><\/div>\n<div id=\"attachment_157393\" style=\"width: 690px\" class=\"wp-caption aligncenter\"><img loading=\"lazy\" decoding=\"async\" aria-describedby=\"caption-attachment-157393\" class=\"wp-image-157393\" src=\"https:\/\/diarioregionaldigital.com.br\/wp-content\/uploads\/fotof-43.jpg\" alt=\"\" width=\"680\" height=\"450\" srcset=\"https:\/\/diarioregionaldigital.com.br\/wp-content\/uploads\/fotof-43.jpg 2624w, https:\/\/diarioregionaldigital.com.br\/wp-content\/uploads\/fotof-43-300x198.jpg 300w, https:\/\/diarioregionaldigital.com.br\/wp-content\/uploads\/fotof-43-768x508.jpg 768w, https:\/\/diarioregionaldigital.com.br\/wp-content\/uploads\/fotof-43-1024x677.jpg 1024w, https:\/\/diarioregionaldigital.com.br\/wp-content\/uploads\/fotof-43-1440x950.jpg 1440w, https:\/\/diarioregionaldigital.com.br\/wp-content\/uploads\/fotof-43-360x238.jpg 360w\" sizes=\"auto, (max-width: 680px) 100vw, 680px\" \/><p id=\"caption-attachment-157393\" class=\"wp-caption-text\">Gente antenada em dia de festa no Espa\u00e7o Serrano, Thiago Guimar\u00e3es, Alex Ito, Andr\u00e9 Lopes, Marlon Andreucci, Estev\u00e3o Freitas e Adriano Bernini<\/p><\/div>\n<div id=\"attachment_157394\" style=\"width: 690px\" class=\"wp-caption aligncenter\"><img loading=\"lazy\" decoding=\"async\" aria-describedby=\"caption-attachment-157394\" class=\"wp-image-157394\" src=\"https:\/\/diarioregionaldigital.com.br\/wp-content\/uploads\/fotog-42-e1585180992869.jpg\" alt=\"\" width=\"680\" height=\"524\" srcset=\"https:\/\/diarioregionaldigital.com.br\/wp-content\/uploads\/fotog-42-e1585180992869.jpg 1703w, https:\/\/diarioregionaldigital.com.br\/wp-content\/uploads\/fotog-42-e1585180992869-300x231.jpg 300w, https:\/\/diarioregionaldigital.com.br\/wp-content\/uploads\/fotog-42-e1585180992869-768x592.jpg 768w, https:\/\/diarioregionaldigital.com.br\/wp-content\/uploads\/fotog-42-e1585180992869-1024x789.jpg 1024w, https:\/\/diarioregionaldigital.com.br\/wp-content\/uploads\/fotog-42-e1585180992869-360x278.jpg 360w\" sizes=\"auto, (max-width: 680px) 100vw, 680px\" \/><p id=\"caption-attachment-157394\" class=\"wp-caption-text\">A energia linda da fot\u00f3grafa Gal Oliveira<\/p><\/div>\n<div id=\"attachment_157395\" style=\"width: 690px\" class=\"wp-caption aligncenter\"><img loading=\"lazy\" decoding=\"async\" aria-describedby=\"caption-attachment-157395\" class=\"wp-image-157395\" src=\"https:\/\/diarioregionaldigital.com.br\/wp-content\/uploads\/fotoh-36-e1585181031696.jpg\" alt=\"\" width=\"680\" height=\"521\" srcset=\"https:\/\/diarioregionaldigital.com.br\/wp-content\/uploads\/fotoh-36-e1585181031696.jpg 1721w, https:\/\/diarioregionaldigital.com.br\/wp-content\/uploads\/fotoh-36-e1585181031696-300x230.jpg 300w, https:\/\/diarioregionaldigital.com.br\/wp-content\/uploads\/fotoh-36-e1585181031696-768x589.jpg 768w, https:\/\/diarioregionaldigital.com.br\/wp-content\/uploads\/fotoh-36-e1585181031696-360x276.jpg 360w\" sizes=\"auto, (max-width: 680px) 100vw, 680px\" \/><p id=\"caption-attachment-157395\" class=\"wp-caption-text\">Isabella curtindo o papai Coruja Rafael Gouv\u00eaa<\/p><\/div>\n<div id=\"attachment_157396\" style=\"width: 690px\" class=\"wp-caption aligncenter\"><img loading=\"lazy\" decoding=\"async\" aria-describedby=\"caption-attachment-157396\" class=\"wp-image-157396\" src=\"https:\/\/diarioregionaldigital.com.br\/wp-content\/uploads\/fotoi-40-e1585181065821.jpg\" alt=\"\" width=\"680\" height=\"558\" srcset=\"https:\/\/diarioregionaldigital.com.br\/wp-content\/uploads\/fotoi-40-e1585181065821.jpg 1679w, https:\/\/diarioregionaldigital.com.br\/wp-content\/uploads\/fotoi-40-e1585181065821-300x246.jpg 300w, https:\/\/diarioregionaldigital.com.br\/wp-content\/uploads\/fotoi-40-e1585181065821-768x630.jpg 768w, https:\/\/diarioregionaldigital.com.br\/wp-content\/uploads\/fotoi-40-e1585181065821-1024x840.jpg 1024w, https:\/\/diarioregionaldigital.com.br\/wp-content\/uploads\/fotoi-40-e1585181065821-220x180.jpg 220w, https:\/\/diarioregionaldigital.com.br\/wp-content\/uploads\/fotoi-40-e1585181065821-360x295.jpg 360w\" sizes=\"auto, (max-width: 680px) 100vw, 680px\" \/><p id=\"caption-attachment-157396\" class=\"wp-caption-text\">O charme pluz-size da bonita Dayane Beau<\/p><\/div>\n<div id=\"attachment_157397\" style=\"width: 690px\" class=\"wp-caption aligncenter\"><img loading=\"lazy\" decoding=\"async\" aria-describedby=\"caption-attachment-157397\" class=\"wp-image-157397\" src=\"https:\/\/diarioregionaldigital.com.br\/wp-content\/uploads\/fotoj-30-e1585181100308.jpg\" alt=\"\" width=\"680\" height=\"471\" srcset=\"https:\/\/diarioregionaldigital.com.br\/wp-content\/uploads\/fotoj-30-e1585181100308.jpg 2463w, https:\/\/diarioregionaldigital.com.br\/wp-content\/uploads\/fotoj-30-e1585181100308-300x208.jpg 300w, https:\/\/diarioregionaldigital.com.br\/wp-content\/uploads\/fotoj-30-e1585181100308-768x532.jpg 768w, https:\/\/diarioregionaldigital.com.br\/wp-content\/uploads\/fotoj-30-e1585181100308-1024x709.jpg 1024w, https:\/\/diarioregionaldigital.com.br\/wp-content\/uploads\/fotoj-30-e1585181100308-360x249.jpg 360w, https:\/\/diarioregionaldigital.com.br\/wp-content\/uploads\/fotoj-30-e1585181100308-100x70.jpg 100w\" sizes=\"auto, (max-width: 680px) 100vw, 680px\" \/><p id=\"caption-attachment-157397\" class=\"wp-caption-text\">A iluminada artista pl\u00e1stica Nequitz Miguel em sua exposi\u00e7\u00e3o em S\u00e3o Paulo com amigos e familiares<\/p><\/div>\n<p style=\"text-align: center;\"><strong>FOTOSS\u00cdNTESE<\/strong><\/p>\n<p>Em tempo de confinamento, shows, exposi\u00e7\u00f5es e teatro em Juiz de Fora podem ser vistos pela Web.<\/p>\n<p>Din\u00e2mica e atuante, a empres\u00e1ria Ana Palermo aproveita a recess\u00e3o e est\u00e1 criando lindas pe\u00e7as para sua empresa Arq\u2019 Acess\u00f3rios.<\/p>\n<p>Gladys e Ant\u00f4nio Mainenti est\u00e3o em sua bela resid\u00eancia no Parque imperial jogando biriba para o tempo passar.<\/p>\n<p>De apurad\u00edssimo bom gosto as toalhas capas para souplats, guardanapos tem\u00e1ticos em tecidos nobres de Leniane Feyo, em estilo refinado.<\/p>\n<p>J\u00e1 no momento atual as festividades da P\u00e1scoa, Dia das M\u00e3es e Dia dos Namorados est\u00e3o em ritmo de efeito cascata. Todas em banho-maria.<\/p>\n<p>O Instituto Albert Sabin brilha no investimento para a forma\u00e7\u00e3o de mais de 3.000mil crian\u00e7as do Programa gente em Primeiro Lugar.<\/p>\n<p>Aten\u00e7\u00e3o: visitas nas unidades prisionais de Juiz de Fora est\u00e3o suspensas, assim como a entrega de sacolas por parentes.<\/p>\n<p>A diretoria do concurso Comida di Buteco comunica que o evento vai acontecer de 10 de julho a 2 de agosto.<\/p>\n<p>O Restaurante Pal\u00e1cio com sua deliciosa comida est\u00e1 funcionando com entregas \u00e0 domic\u00edlio.<\/p>\n<p>Em momento de solidariedade total, este colunista aplaude os enfermeiros, m\u00e9dicos e funcion\u00e1rios da sa\u00fade p\u00fablica que s\u00e3o incans\u00e1veis no combate do Coronav\u00edrus no Brasil e no mundo.<\/p>\n<p>Alerta: \u201cNot\u00edcias falsas se espalham pelas redes sociais como um v\u00edrus, contaminando todos que acreditam nelas. Proteja-se duvide do que circula pelas redes sociais. Jornalismo profissional \u00e9 o melhor ant\u00eddoto contra a desinforma\u00e7\u00e3o\u201d. (Associa\u00e7\u00e3o Nacional de Jornais-ANJ).<\/p>\n<p><img loading=\"lazy\" decoding=\"async\" class=\"aligncenter size-full wp-image-145608\" src=\"https:\/\/diarioregionaldigital.com.br\/wp-content\/uploads\/2019\/08\/arte-coluna-social-2-1.png\" alt=\"\" width=\"3508\" height=\"709\" srcset=\"https:\/\/diarioregionaldigital.com.br\/wp-content\/uploads\/2019\/08\/arte-coluna-social-2-1.png 3508w, https:\/\/diarioregionaldigital.com.br\/wp-content\/uploads\/2019\/08\/arte-coluna-social-2-1-300x61.png 300w, https:\/\/diarioregionaldigital.com.br\/wp-content\/uploads\/2019\/08\/arte-coluna-social-2-1-768x155.png 768w, https:\/\/diarioregionaldigital.com.br\/wp-content\/uploads\/2019\/08\/arte-coluna-social-2-1-1024x207.png 1024w, https:\/\/diarioregionaldigital.com.br\/wp-content\/uploads\/2019\/08\/arte-coluna-social-2-1-360x73.png 360w\" sizes=\"auto, (max-width: 3508px) 100vw, 3508px\" \/><\/p>\n<p>&nbsp;<\/p>\n","protected":false},"excerpt":{"rendered":"<p>Brilho Total Glitter numa hora dessas? A arte de Sara Shakeel viralizou. Do feed da prestigiosa Saatchi Gallery de Londres, ao da atriz brasileira Fernanda Paes Leme, a imagem das m\u00e3os sendo lavadas pipocou por a\u00ed. Embora seja um momento dif\u00edcil para todos, as mensagens se espalharam positivamente, promovendo a autoconsci\u00eancia. Moda Show Agora \u00e9 [&hellip;]<\/p>\n","protected":false},"author":96,"featured_media":157388,"comment_status":"closed","ping_status":"closed","sticky":false,"template":"","format":"standard","meta":{"footnotes":""},"categories":[264],"tags":[],"class_list":["post-157399","post","type-post","status-publish","format-standard","has-post-thumbnail","hentry","category-eduardo-gomes"],"_links":{"self":[{"href":"https:\/\/diarioregionaldigital.com.br\/index.php?rest_route=\/wp\/v2\/posts\/157399","targetHints":{"allow":["GET"]}}],"collection":[{"href":"https:\/\/diarioregionaldigital.com.br\/index.php?rest_route=\/wp\/v2\/posts"}],"about":[{"href":"https:\/\/diarioregionaldigital.com.br\/index.php?rest_route=\/wp\/v2\/types\/post"}],"author":[{"embeddable":true,"href":"https:\/\/diarioregionaldigital.com.br\/index.php?rest_route=\/wp\/v2\/users\/96"}],"replies":[{"embeddable":true,"href":"https:\/\/diarioregionaldigital.com.br\/index.php?rest_route=%2Fwp%2Fv2%2Fcomments&post=157399"}],"version-history":[{"count":0,"href":"https:\/\/diarioregionaldigital.com.br\/index.php?rest_route=\/wp\/v2\/posts\/157399\/revisions"}],"wp:featuredmedia":[{"embeddable":true,"href":"https:\/\/diarioregionaldigital.com.br\/index.php?rest_route=\/wp\/v2\/media\/157388"}],"wp:attachment":[{"href":"https:\/\/diarioregionaldigital.com.br\/index.php?rest_route=%2Fwp%2Fv2%2Fmedia&parent=157399"}],"wp:term":[{"taxonomy":"category","embeddable":true,"href":"https:\/\/diarioregionaldigital.com.br\/index.php?rest_route=%2Fwp%2Fv2%2Fcategories&post=157399"},{"taxonomy":"post_tag","embeddable":true,"href":"https:\/\/diarioregionaldigital.com.br\/index.php?rest_route=%2Fwp%2Fv2%2Ftags&post=157399"}],"curies":[{"name":"wp","href":"https:\/\/api.w.org\/{rel}","templated":true}]}}