{"id":157385,"date":"2020-03-25T18:09:18","date_gmt":"2020-03-25T21:09:18","guid":{"rendered":"https:\/\/diarioregionaldigital.com.br\/?p=157385"},"modified":"2020-03-25T18:09:18","modified_gmt":"2020-03-25T21:09:18","slug":"pesquisadores-da-ufjf-avaliam-impacto-do-adiamento-dos-jogos-olimpicos-de-toquio","status":"publish","type":"post","link":"https:\/\/diarioregionaldigital.com.br\/?p=157385","title":{"rendered":"Pesquisadores da UFJF avaliam impacto do adiamento dos Jogos Ol\u00edmpicos de T\u00f3quio"},"content":{"rendered":"<p>O cancelamento dos Jogos Ol\u00edmpicos de T\u00f3quio, cujo in\u00edcio estava programado para julho, embora esperado, cai como uma bomba no mundo esportivo e em toda a sua estrutura de neg\u00f3cios. Pesquisadores da Universidade Federal de Juiz de Fora (UFJF) analisam as consequ\u00eancias dentro e fora das arenas de competi\u00e7\u00e3o.<\/p>\n<p>O professor da Faculdade de Educa\u00e7\u00e3o F\u00edsica e Desportos (Faefid), Renato Miranda, aponta que h\u00e1 alguns impactos iniciais e consequ\u00eancias complexas. A previs\u00e3o de realiza\u00e7\u00e3o no pr\u00f3ximo ano traz como preocupa\u00e7\u00f5es n\u00e3o apenas a situa\u00e7\u00e3o dos atletas, mas aquelas que envolvem quest\u00f5es comerciais e todo o setor de turismo. \u201cMuita gente j\u00e1 havia feito reservas, comprado ingressos. A identidade visual seria outro problema, mas est\u00e1 mantida e, mesmo em 2021, o nome permanece \u2018T\u00f3quio 2020\u2019, para que n\u00e3o haja preju\u00edzos nas confec\u00e7\u00f5es de materiais, como medalhas, p\u00f3dios e outros\u201d, explica.<\/p>\n<p>Tamb\u00e9m pesquisador sobre psicologia no campo desportivo, Miranda alerta que os esportistas podem sofrer impactos psicol\u00f3gicos, mediante a quebra de expectativas, da dedica\u00e7\u00e3o, do estado f\u00edsico, dos custos financeiros e da rela\u00e7\u00e3o com patrocinadores, mas percebe a decis\u00e3o do Comit\u00ea Ol\u00edmpico Internacional (COI) como uma medida assertiva.\u00a0 Al\u00e9m disso, aponta que, de um modo geral, a atualidade fornece aos competidores boas condi\u00e7\u00f5es de preparo, permitindo aliviar poss\u00edveis impactos e manter um bom condicionamento para 2021.<\/p>\n<p>\u201cDe fato \u00e9 algo que deixa o desportista preocupado. Uma das principais quest\u00f5es \u00e9 a do estado f\u00edsico atual. Suponhamos que um atleta, de qualquer modalidade, esteja vivenciando um per\u00edodo de alta performance, bom desempenho, com a sa\u00fade plena e tecnicamente excelente. Quando h\u00e1 o cancelamento, surge uma frustra\u00e7\u00e3o muito grande que aumenta as tens\u00f5es, porque ele passa a agir em um ambiente de muitas incertezas\u201d, explica.<\/p>\n<p><strong>Decis\u00e3o acertada<\/strong><\/p>\n<p>Em rela\u00e7\u00e3o \u00e0 desenvoltura do pa\u00eds-sede e do COI, o pesquisador da \u00e1rea de megaeventos esportivos, M\u00e1rcio Guerra, explica que os \u00fanicos preju\u00edzos que podem vir a ocorrer diante do adiamento est\u00e3o focados na quest\u00e3o pertinente \u00e0 organiza\u00e7\u00e3o. \u201cO Jap\u00e3o investiu muito dinheiro para a realiza\u00e7\u00e3o dos Jogos Ol\u00edmpicos, e o adiamento, certamente, impacta na economia do pa\u00eds, apesar de a estrutura permanecer mantida para o ano que vem, deixando de ser um problema. Al\u00e9m disso, em termos de imagem, seria muito pior para o evento se ele fosse mantido. Pareceria descaso diante da situa\u00e7\u00e3o mundial, onde, talvez, muitos pa\u00edses n\u00e3o fossem representados. A decis\u00e3o, apesar de demorada, foi a mais acertada.\u201d<\/p>\n<p><strong>Condicionamento f\u00edsico x idade<\/strong><\/p>\n<p>Com\u00a0 rela\u00e7\u00e3o a idade, excluindo as quest\u00f5es normativas das Olimp\u00edadas, os atletas estar\u00e3o um ano mais velhos, mas segundo a avalia\u00e7\u00e3o de Miranda, n\u00e3o \u00e9 um fator que causa muitos impactos negativos, salvo algumas exce\u00e7\u00f5es. O professor explica que podem acontecer perdas de desempenho, por\u00e9m \u00e9 uma oportunidade do competidor ganhar mais experi\u00eancia para uma melhor atua\u00e7\u00e3o. \u201c\u00c9 importante pensar que h\u00e1 um grupo de atletas mais velhos, naquelas modalidades que permitem competidores de 34 e 35 anos, por exemplo. Neste caso, eles\u00a0 podem sentir um pouco mais. No entanto, acredito que atletas ol\u00edmpicos s\u00e3o muito capazes e t\u00eam condi\u00e7\u00e3o para se manterem bem fisicamente neste per\u00edodo de um ano.\u201d<\/p>\n<p>Apesar do bom desenvolvimento e preparo, Miranda percebe que, possivelmente, podem acontecer mudan\u00e7as nas composi\u00e7\u00f5es atl\u00e9ticas, causadas por les\u00f5es inesperadas, quedas de rendimento e pelo fato da exist\u00eancia de uma nova medida classificat\u00f3ria para os competidores, principalmente em modalidades individuais, como nata\u00e7\u00e3o e jud\u00f4. \u201cEm rela\u00e7\u00e3o aos atletas, podemos dizer que se, por exemplo, a Federa\u00e7\u00e3o Internacional de Futebol (Fifa) n\u00e3o adequar a idade, subindo de 23 para 24 anos [nesta edi\u00e7\u00e3o] ,teremos um impacto consider\u00e1vel, pois muitos jogadores n\u00e3o poder\u00e3o entrar em campo. O Brasil, por exemplo, caso essa regra n\u00e3o seja alterada, tem atletas que n\u00e3o poder\u00e3o participar.\u201d<\/p>\n<p><strong>Fato hist\u00f3rico<\/strong><\/p>\n<p>O adiamento das Olimp\u00edadas de 2020, representa um fato in\u00e9dito para a hist\u00f3ria do evento. Nunca houve um adiamento. Nos \u00faltimos 124 anos, que marcam a Era Moderna dos Jogos, as competi\u00e7\u00f5es desportivas n\u00e3o foram realizadas em apenas tr\u00eas momentos: em 1916, 1940 e 1944, devido \u00e0s duas guerras mundiais.<\/p>\n<p>&nbsp;<\/p>\n<p><strong>Fonte:<\/strong>\u00a0Assessoria<\/p>\n","protected":false},"excerpt":{"rendered":"<p>O cancelamento dos Jogos Ol\u00edmpicos de T\u00f3quio, cujo in\u00edcio estava programado para julho, embora esperado, cai como uma bomba no mundo esportivo e em toda a sua estrutura de neg\u00f3cios. Pesquisadores da Universidade Federal de Juiz de Fora (UFJF) analisam as consequ\u00eancias dentro e fora das arenas de competi\u00e7\u00e3o. O professor da Faculdade de Educa\u00e7\u00e3o [&hellip;]<\/p>\n","protected":false},"author":96,"featured_media":157386,"comment_status":"closed","ping_status":"closed","sticky":false,"template":"","format":"standard","meta":{"footnotes":""},"categories":[436,257,439],"tags":[],"class_list":["post-157385","post","type-post","status-publish","format-standard","has-post-thumbnail","hentry","category-destaque-da-semana","category-esporte","category-ultima-hora"],"_links":{"self":[{"href":"https:\/\/diarioregionaldigital.com.br\/index.php?rest_route=\/wp\/v2\/posts\/157385","targetHints":{"allow":["GET"]}}],"collection":[{"href":"https:\/\/diarioregionaldigital.com.br\/index.php?rest_route=\/wp\/v2\/posts"}],"about":[{"href":"https:\/\/diarioregionaldigital.com.br\/index.php?rest_route=\/wp\/v2\/types\/post"}],"author":[{"embeddable":true,"href":"https:\/\/diarioregionaldigital.com.br\/index.php?rest_route=\/wp\/v2\/users\/96"}],"replies":[{"embeddable":true,"href":"https:\/\/diarioregionaldigital.com.br\/index.php?rest_route=%2Fwp%2Fv2%2Fcomments&post=157385"}],"version-history":[{"count":0,"href":"https:\/\/diarioregionaldigital.com.br\/index.php?rest_route=\/wp\/v2\/posts\/157385\/revisions"}],"wp:featuredmedia":[{"embeddable":true,"href":"https:\/\/diarioregionaldigital.com.br\/index.php?rest_route=\/wp\/v2\/media\/157386"}],"wp:attachment":[{"href":"https:\/\/diarioregionaldigital.com.br\/index.php?rest_route=%2Fwp%2Fv2%2Fmedia&parent=157385"}],"wp:term":[{"taxonomy":"category","embeddable":true,"href":"https:\/\/diarioregionaldigital.com.br\/index.php?rest_route=%2Fwp%2Fv2%2Fcategories&post=157385"},{"taxonomy":"post_tag","embeddable":true,"href":"https:\/\/diarioregionaldigital.com.br\/index.php?rest_route=%2Fwp%2Fv2%2Ftags&post=157385"}],"curies":[{"name":"wp","href":"https:\/\/api.w.org\/{rel}","templated":true}]}}