{"id":157382,"date":"2020-03-25T18:07:40","date_gmt":"2020-03-25T21:07:40","guid":{"rendered":"https:\/\/diarioregionaldigital.com.br\/?p=157382"},"modified":"2020-03-25T18:07:40","modified_gmt":"2020-03-25T21:07:40","slug":"no-exterior-atletas-brasileiros-improvisam-para-enfrentar-quarentena","status":"publish","type":"post","link":"https:\/\/diarioregionaldigital.com.br\/?p=157382","title":{"rendered":"No exterior, atletas brasileiros improvisam para enfrentar quarentena"},"content":{"rendered":"<p>Uma academia improvisada na garagem foi a sa\u00edda que os principais judocas do Benfica, tradicional clube portugu\u00eas, encontraram para continuar treinando em meio \u00e0 quarentena obrigat\u00f3ria no pa\u00eds europeu, por conta da pandemia do novo coronav\u00edrus (covid-19). Entre eles, duas brasileiras que, h\u00e1 pouco mais de um ano, passaram a defender Portugal em competi\u00e7\u00f5es internacionais: a carioca B\u00e1rbara Timo e a ga\u00facha Rochele Nunes.<\/p>\n<p>&nbsp;<\/p>\n<p>&#8220;Est\u00e1vamos todos em uma casa de quarentena volunt\u00e1ria. Quando ela (reclus\u00e3o) passou a ser obrigat\u00f3ria, viemos para esse outro im\u00f3vel, mais confort\u00e1vel, e montamos uma esp\u00e9cie de gin\u00e1sio com tatame&#8221;, conta Rochele \u00e0 Ag\u00eancia Brasil. &#8220;Foi a maneira mais f\u00e1cil de manter o foco sem nos preocuparmos tanto com o v\u00edrus e sem deixar a quarentena abalar muito, tomando medidas preventivas. S\u00f3 sa\u00edmos de casa se necess\u00e1rio, para ir ao mercado ou farm\u00e1cia&#8221;, emenda a judoca, que, hoje, estaria garantida na Olimp\u00edada de T\u00f3quio (Jap\u00e3o) pelo ranking mundial da modalidade.<\/p>\n<p>O &#8220;jeitinho&#8221; encontrado para treinar, claro, n\u00e3o \u00e9 a circunst\u00e2ncia ideal. &#8220;Eu estava tratando o joelho com fisioterapia. Infelizmente, como n\u00e3o tenho um fisioterapeuta aqui comigo, isso pode fazer o processo de recupera\u00e7\u00e3o demorar um pouco mais. Mas, continuo focada&#8221;, garante, aliviada com o adiamento dos Jogos de T\u00f3quio para 2021. &#8220;Acho que est\u00e1 todo mundo sofrendo com o coronav\u00edrus e penso no bem-estar. A gente se prepara por muito tempo para isso, mas n\u00e3o seria justo se a Olimp\u00edada ficasse na data prevista. Assim, todos os atletas podem ter uma prepara\u00e7\u00e3o melhor&#8221;.<\/p>\n<p>Saber improvisar tamb\u00e9m foi necess\u00e1rio para Erica Sena n\u00e3o ficar parada. A principal brasileira da marcha atl\u00e9tica vive h\u00e1 oito anos em Cuenca, no Equador, terra natal do marido e treinador Andres Chocho. At\u00e9 domingo (22), o pa\u00eds sul-americano registrou 14 mortes e 789 infectados. \u00c9 menos, por exemplo, que os 43 \u00f3bitos e quase tr\u00eas mil casos confirmados em Portugal at\u00e9 quarta-feira (25). Mas, pelo lado equatoriano, a quarentena tamb\u00e9m tem sido compuls\u00f3ria.<\/p>\n<p>&#8220;Podemos sair tr\u00eas vezes por semana (de casa) para comprar alimentos e medicamentos. N\u00e3o esper\u00e1vamos passar por isso. Estamos tentando adaptar nossos treinos da melhor maneira poss\u00edvel. Tenho uma esteira em casa e posso adaptar, mas, \u00e9 complicado ficar apenas nela. S\u00e3o sensa\u00e7\u00f5es diferentes&#8221;, descreve a pernambucana, medalhista de bronze nos Jogos Pan-Americanos de Lima (Peru) no ano passado e que teve um per\u00edodo de treinamentos e competi\u00e7\u00f5es na Europa cancelado por causa da pandemia.<\/p>\n<p><strong>Novo epicentro<\/strong><\/p>\n<p>Em 2017, Eric Pardinho assinou um contrato de US$ 1,4 milh\u00e3o (R$ 4,6 milh\u00f5es, na cota\u00e7\u00e3o da \u00e9poca) com o Toronto Blue Jays, franquia da Major League Baseball (MLB), liga norte-americana, tornando-se o brasileiro mais caro da hist\u00f3ria da modalidade. O paulista de 19 anos est\u00e1 em recupera\u00e7\u00e3o de uma cirurgia no cotovelo e s\u00f3 deve voltar a jogar no ano que vem. Mas, h\u00e1 outro motivo pelo qual o retorno aos treinos poder\u00e1 demorar. Segundo alerta da Organiza\u00e7\u00e3o Mundial da Sa\u00fade (OMS), os Estados Unidos (EUA) devem se tornar o novo epicentro da covid-19.<\/p>\n<p>A temporada 2020 da MLB deveria come\u00e7ar nesta quinta-feira (26), mas, ap\u00f3s ter adiado o in\u00edcio em duas semanas, a liga estendeu o prazo em mais dois meses. O pa\u00eds tem, atualmente, mais de 53 mil casos confirmados do novo coronav\u00edrus &#8211; cerca de 1,4 mil na Fl\u00f3rida, estado onde Pardinho vive. &#8220;A cidade em que moro (Clearwater) \u00e9 famosa pelas praias, vem bastante turista. No s\u00e1bado (21), decidiram fech\u00e1-las. Quando voc\u00ea precisa ir \u00e0 rua, v\u00ea o pessoal de m\u00e1scara, luva&#8230;&#8221;, relata o arremessador, \u00e0 Ag\u00eancia Brasil.<\/p>\n<p>Segundo ele, o time o contata diariamente e orienta sobre como proceder na pandemia. &#8220;\u00c9 para evitarmos de sair muito. Eles mandam mensagens, perguntam se temos sintomas. De fato, evito de sair. \u00c0s vezes, dou uma caminhada em volta do hotel, vou ao mercado, algum restaurante que esteja aberto ainda&#8221;, conta o brasileiro, que convive com outros atletas no local, a maioria venezuelanos. &#8220;Meus pais tinham vindo para c\u00e1 no in\u00edcio do m\u00eas, pegaram o pessoal indo embora e tiveram que voltar (ao Brasil) tamb\u00e9m, porque a situa\u00e7\u00e3o estava ficando ruim nas companhias (a\u00e9reas)&#8221;, completa.<\/p>\n<p>Por enquanto, a rotina de Pardinho \u00e9 a fisioterapia. Depois, talvez, acompanhar os colegas de time em treinos improvisados no estacionamento do hotel. S\u00f3 que adaptar as atividades esportivas n\u00e3o \u00e9 o \u00fanico desafio para outro brasileiro nos Estados Unidos. Piv\u00f4 da sele\u00e7\u00e3o de basquete, Anderson Varej\u00e3o vive em Cleveland, Ohio, estado que registrou oito mortes pela doen\u00e7a. Na ter\u00e7a-feira (24), ele sentiu na pele o impacto da pandemia.<\/p>\n<p>&#8220;Eu e minha esposa estamos esperando um beb\u00ea. Estou h\u00e1 um tempo fora das quadras, sem jogar, porque \u00e9 um momento que decidi ficar do lado dela, acompanhar, fazer parte de tudo, das consultas. Fomos ao hospital para um exame de rotina, mas, chegando l\u00e1, n\u00e3o pudemos entrar&#8221;, declara Varej\u00e3o, campe\u00e3o da \u00faltima temporada do Novo Basquete Brasil (NBB) pelo Flamengo.<\/p>\n<p>Diferente de Portugal e Equador, a quarentena n\u00e3o \u00e9 obrigat\u00f3ria nos EUA como um todo. Em Ohio, por\u00e9m, a determina\u00e7\u00e3o est\u00e1 em vigor desde segunda-feira (23). Por isso, o piv\u00f4 pede uma reflex\u00e3o al\u00e9m das fronteiras dos pa\u00edses. &#8220;Fiquem em casa. Se n\u00e3o por voc\u00eas, fa\u00e7am por algu\u00e9m. Sei que n\u00e3o \u00e9 f\u00e1cil. Tenho feito meus treinos (em casa), mas sei que \u00e9 muito tempo. Aproveitem para fazer o que sempre ficava para depois. O dia que voc\u00ea tiver algu\u00e9m da fam\u00edlia passando por algum momento dif\u00edcil, vai lembrar disso e de muitas coisas que t\u00eam sido faladas&#8221;, conclui.<\/p>\n<p>&nbsp;<\/p>\n<p><strong>Fonte:\u00a0<\/strong>Ag\u00eancia Brasil<\/p>\n","protected":false},"excerpt":{"rendered":"<p>Uma academia improvisada na garagem foi a sa\u00edda que os principais judocas do Benfica, tradicional clube portugu\u00eas, encontraram para continuar treinando em meio \u00e0 quarentena obrigat\u00f3ria no pa\u00eds europeu, por conta da pandemia do novo coronav\u00edrus (covid-19). Entre eles, duas brasileiras que, h\u00e1 pouco mais de um ano, passaram a defender Portugal em competi\u00e7\u00f5es internacionais: [&hellip;]<\/p>\n","protected":false},"author":96,"featured_media":157383,"comment_status":"closed","ping_status":"closed","sticky":false,"template":"","format":"standard","meta":{"footnotes":""},"categories":[436,257,439],"tags":[],"class_list":["post-157382","post","type-post","status-publish","format-standard","has-post-thumbnail","hentry","category-destaque-da-semana","category-esporte","category-ultima-hora"],"_links":{"self":[{"href":"https:\/\/diarioregionaldigital.com.br\/index.php?rest_route=\/wp\/v2\/posts\/157382","targetHints":{"allow":["GET"]}}],"collection":[{"href":"https:\/\/diarioregionaldigital.com.br\/index.php?rest_route=\/wp\/v2\/posts"}],"about":[{"href":"https:\/\/diarioregionaldigital.com.br\/index.php?rest_route=\/wp\/v2\/types\/post"}],"author":[{"embeddable":true,"href":"https:\/\/diarioregionaldigital.com.br\/index.php?rest_route=\/wp\/v2\/users\/96"}],"replies":[{"embeddable":true,"href":"https:\/\/diarioregionaldigital.com.br\/index.php?rest_route=%2Fwp%2Fv2%2Fcomments&post=157382"}],"version-history":[{"count":0,"href":"https:\/\/diarioregionaldigital.com.br\/index.php?rest_route=\/wp\/v2\/posts\/157382\/revisions"}],"wp:featuredmedia":[{"embeddable":true,"href":"https:\/\/diarioregionaldigital.com.br\/index.php?rest_route=\/wp\/v2\/media\/157383"}],"wp:attachment":[{"href":"https:\/\/diarioregionaldigital.com.br\/index.php?rest_route=%2Fwp%2Fv2%2Fmedia&parent=157382"}],"wp:term":[{"taxonomy":"category","embeddable":true,"href":"https:\/\/diarioregionaldigital.com.br\/index.php?rest_route=%2Fwp%2Fv2%2Fcategories&post=157382"},{"taxonomy":"post_tag","embeddable":true,"href":"https:\/\/diarioregionaldigital.com.br\/index.php?rest_route=%2Fwp%2Fv2%2Ftags&post=157382"}],"curies":[{"name":"wp","href":"https:\/\/api.w.org\/{rel}","templated":true}]}}