{"id":157379,"date":"2020-03-25T18:06:03","date_gmt":"2020-03-25T21:06:03","guid":{"rendered":"https:\/\/diarioregionaldigital.com.br\/?p=157379"},"modified":"2020-03-25T18:06:03","modified_gmt":"2020-03-25T21:06:03","slug":"federacao-do-rio-de-janeiro-amplia-suspensao-do-campeonato-carioca","status":"publish","type":"post","link":"https:\/\/diarioregionaldigital.com.br\/?p=157379","title":{"rendered":"Federa\u00e7\u00e3o do Rio de Janeiro amplia suspens\u00e3o do Campeonato Carioca"},"content":{"rendered":"<p>A Federa\u00e7\u00e3o de Futebol do Estado do Rio de Janeiro (Ferj), anunciou na tarde dessa quarta-feira (25), a amplia\u00e7\u00e3o para 30 dias de paralisa\u00e7\u00e3o do Campeonato Carioca, como medida de preven\u00e7\u00e3o ao Coronav\u00edrus.<\/p>\n<p>O prazo inicialmente estabelecido para a \u201cvolta aos gramados\u201d, estava perto da data de validade, no entanto, perante \u00e0s d\u00favidas sobre o Covid-19, a entidade decidiu ampliar a pausa do campeonato e tamb\u00e9m de outros torneios. Diante dos fatos, n\u00e3o h\u00e1 previs\u00e3o para a continuidade do Carioca.<\/p>\n<p>O an\u00fancio foi emitido atrav\u00e9s de um comunicado oficial publicado no portal da Ferj:<\/p>\n<p><em>&#8220;Considerando a necessidade de integrar o esfor\u00e7o concentrado visando conter a dissemina\u00e7\u00e3o do novo coronav\u00edrus; Considerando a excepcionalidade do momento e da situa\u00e7\u00e3o em geral.<\/em><em>\u00a0<\/em><\/p>\n<p><em>RESOLVE: Estender o alcance das delibera\u00e7\u00f5es constantes da RDP n\u00ba 013\/20, determinando o RECESSO de todas as atividades relacionadas ao futebol no Estado do Rio de Janeiro at\u00e9 o dia 30 de abril de 2020. Esta resolu\u00e7\u00e3o entra em vigor nesta data revogadas as disposi\u00e7\u00f5es em contr\u00e1rio.<\/em><\/p>\n<p><em>Rio de Janeiro, 25 de mar\u00e7o de 2020.&#8221;<\/em><\/p>\n<p>&nbsp;<\/p>\n","protected":false},"excerpt":{"rendered":"<p>A Federa\u00e7\u00e3o de Futebol do Estado do Rio de Janeiro (Ferj), anunciou na tarde dessa quarta-feira (25), a amplia\u00e7\u00e3o para 30 dias de paralisa\u00e7\u00e3o do Campeonato Carioca, como medida de preven\u00e7\u00e3o ao Coronav\u00edrus. O prazo inicialmente estabelecido para a \u201cvolta aos gramados\u201d, estava perto da data de validade, no entanto, perante \u00e0s d\u00favidas sobre o [&hellip;]<\/p>\n","protected":false},"author":96,"featured_media":157380,"comment_status":"closed","ping_status":"closed","sticky":false,"template":"","format":"standard","meta":{"footnotes":""},"categories":[436,257,439],"tags":[],"class_list":["post-157379","post","type-post","status-publish","format-standard","has-post-thumbnail","hentry","category-destaque-da-semana","category-esporte","category-ultima-hora"],"_links":{"self":[{"href":"https:\/\/diarioregionaldigital.com.br\/index.php?rest_route=\/wp\/v2\/posts\/157379","targetHints":{"allow":["GET"]}}],"collection":[{"href":"https:\/\/diarioregionaldigital.com.br\/index.php?rest_route=\/wp\/v2\/posts"}],"about":[{"href":"https:\/\/diarioregionaldigital.com.br\/index.php?rest_route=\/wp\/v2\/types\/post"}],"author":[{"embeddable":true,"href":"https:\/\/diarioregionaldigital.com.br\/index.php?rest_route=\/wp\/v2\/users\/96"}],"replies":[{"embeddable":true,"href":"https:\/\/diarioregionaldigital.com.br\/index.php?rest_route=%2Fwp%2Fv2%2Fcomments&post=157379"}],"version-history":[{"count":0,"href":"https:\/\/diarioregionaldigital.com.br\/index.php?rest_route=\/wp\/v2\/posts\/157379\/revisions"}],"wp:featuredmedia":[{"embeddable":true,"href":"https:\/\/diarioregionaldigital.com.br\/index.php?rest_route=\/wp\/v2\/media\/157380"}],"wp:attachment":[{"href":"https:\/\/diarioregionaldigital.com.br\/index.php?rest_route=%2Fwp%2Fv2%2Fmedia&parent=157379"}],"wp:term":[{"taxonomy":"category","embeddable":true,"href":"https:\/\/diarioregionaldigital.com.br\/index.php?rest_route=%2Fwp%2Fv2%2Fcategories&post=157379"},{"taxonomy":"post_tag","embeddable":true,"href":"https:\/\/diarioregionaldigital.com.br\/index.php?rest_route=%2Fwp%2Fv2%2Ftags&post=157379"}],"curies":[{"name":"wp","href":"https:\/\/api.w.org\/{rel}","templated":true}]}}