{"id":157376,"date":"2020-03-25T18:04:36","date_gmt":"2020-03-25T21:04:36","guid":{"rendered":"https:\/\/diarioregionaldigital.com.br\/?p=157376"},"modified":"2020-03-25T18:04:36","modified_gmt":"2020-03-25T21:04:36","slug":"cob-ve-com-alivio-adiamento-das-olimpiadas-para-2021","status":"publish","type":"post","link":"https:\/\/diarioregionaldigital.com.br\/?p=157376","title":{"rendered":"COB v\u00ea com al\u00edvio adiamento das Olimp\u00edadas para 2021"},"content":{"rendered":"<p>O Comit\u00ea Ol\u00edmpico Internacional (COI) anunciou nessa ter\u00e7a-feira (24), juntamente com o Governo Japon\u00eas e o Comit\u00ea Organizador T\u00f3quio 2020, o adiamento dos Jogos Ol\u00edmpicos de T\u00f3quio, que ocorreriam a partir de 24 de julho de 2020, tendo como nova data limite o ver\u00e3o de 2021 no hemisf\u00e9rio norte. O Comit\u00ea Ol\u00edmpico do Brasil (COB), que havia se manifestado a favor de uma poss\u00edvel altera\u00e7\u00e3o de data no \u00faltimo s\u00e1bado, 21, v\u00ea com al\u00edvio a medida. Com mais de 375 mil pessoas infectadas pelo coronav\u00edrus em quase todos os pa\u00edses do mundo, a decis\u00e3o foi tomada visando \u00e0 prote\u00e7\u00e3o da sa\u00fade dos atletas e de todos os envolvidos no maior evento esportivo do mundo.<\/p>\n<p>&nbsp;<\/p>\n<p>\u201cSempre tivemos confian\u00e7a de que o presidente Thomas Bach seria capaz de liderar com serenidade e seguran\u00e7a o Movimento Ol\u00edmpico nesse momento hist\u00f3rico. Os atletas s\u00e3o o centro das preocupa\u00e7\u00f5es do COB e do COI e, por isso, a comunidade ol\u00edmpica do Brasil est\u00e1 bastante satisfeita com a decis\u00e3o\u201d, disse o presidente do COB, Paulo Wanderley Teixeira, destacando que todos os esfor\u00e7os do Brasil e do mundo devem estar concentrados agora no combate \u00e0 pandemia. \u201cEstaremos todos juntos nessa luta contra um advers\u00e1rio perigoso. Usando da resili\u00eancia, coragem e trabalho em equipe, tantos valores que o esporte nos ensina, seremos capazes de vencer juntos o novo coronav\u00edrus\u201d.<\/p>\n<p>&nbsp;<\/p>\n<p>Na reuni\u00e3o desta ter\u00e7a-feira, em T\u00f3quio, estiverem Thomas Bach, presidente do COI; Shinzo Abe, primeiro-ministro do Jap\u00e3o; Yoshiro Mori, presidente do Comit\u00ea Organizador T\u00f3quio 2020; a ministra ol\u00edmpica, Seiko Hashimoto; o governador de T\u00f3quio, Yuriko Koike; o presidente da Comiss\u00e3o de Coordena\u00e7\u00e3o do COI, John Coates; o Diretor Geral do COI, Christophe De Kepper; e o diretor executivo dos Jogos Ol\u00edmpicos do COI, Christophe Dubi. No encontro ainda ficou decidido que a Chama Ol\u00edmpica permanecer\u00e1 no Jap\u00e3o por se tratar de uma \u201cluz no fim do t\u00fanel\u201d. Os Jogos manter\u00e3o o nome de Jogos Ol\u00edmpicos e Paral\u00edmpicos T\u00f3quio 2020.<\/p>\n<p>&nbsp;<\/p>\n<p>\u201cVamos continuar o trabalho de prepara\u00e7\u00e3o da delega\u00e7\u00e3o com base no que j\u00e1 hav\u00edamos feito para julho deste ano. Mas, \u00e9 claro, trata-se de uma situa\u00e7\u00e3o nova em que temos diversas quest\u00f5es que precisamos buscar respostas. Teremos que replanejar, fazer novos estudos, falar com nossos patrocinadores e fornecedores, conversar com as nossas bases no Jap\u00e3o, entre outros. Seguiremos trabalhando para oferecer uma estrutura de excel\u00eancia ao Time Brasil\u201d, disse o diretor-geral do COB, o campe\u00e3o ol\u00edmpico Rog\u00e9rio Sampaio.<\/p>\n<p>&nbsp;<\/p>\n<p>\u201cAinda precisamos aguardar a defini\u00e7\u00e3o da nova data, pois o prazo at\u00e9 o ver\u00e3o de 2021 no hemisf\u00e9rio norte n\u00e3o significa necessariamente que ser\u00e1 no mesmo per\u00edodo que seria em 2020, pode ser at\u00e9 antes. Com essa informa\u00e7\u00e3o teremos mais seguran\u00e7a para readequar o planejamento e definir novos prazos de modo a\u00a0 garantir que nossos atletas tenham as melhores condi\u00e7\u00f5es de prepara\u00e7\u00e3o, qualifica\u00e7\u00e3o e performance nos Jogos\u201d, afirma o vice-presidente do COB e Chefe de Miss\u00e3o nos Jogos Ol\u00edmpicos de T\u00f3quio, Marco Ant\u00f4nio La Porta.<\/p>\n<p>&nbsp;<\/p>\n<p>Desde o in\u00edcio da pandemia, o COB tem priorizado a sa\u00fade e o bem-estar dos atletas brasileiros e colaboradores do Comit\u00ea. H\u00e1 duas semanas, a entidade cancelou eventos p\u00fablicos e preparat\u00f3rios para os Jogos, colocou funcion\u00e1rios em sistema de home office e determinou na \u00faltima ter\u00e7a-feira o fechamento total do CT Time Brasil. Na redes sociais, encampou a campanha para que a popula\u00e7\u00e3o fique em casa, usando a hashtag #timebrasilemcasa. E na \u00faltima segunda-feira, 23, enviou para atletas e Confedera\u00e7\u00f5es um manual com orienta\u00e7\u00e3o para treinamento e preven\u00e7\u00e3o ao coronav\u00edrus. O Comit\u00ea Ol\u00edmpico do Brasil reitera seu compromisso em participar ativamente e engajar sociedade e atletas nas medidas de preven\u00e7\u00e3o e combate \u00e0 pandemia.<\/p>\n<p>&nbsp;<\/p>\n<p><strong>Fonte:<\/strong>\u00a0COB<\/p>\n","protected":false},"excerpt":{"rendered":"<p>O Comit\u00ea Ol\u00edmpico Internacional (COI) anunciou nessa ter\u00e7a-feira (24), juntamente com o Governo Japon\u00eas e o Comit\u00ea Organizador T\u00f3quio 2020, o adiamento dos Jogos Ol\u00edmpicos de T\u00f3quio, que ocorreriam a partir de 24 de julho de 2020, tendo como nova data limite o ver\u00e3o de 2021 no hemisf\u00e9rio norte. O Comit\u00ea Ol\u00edmpico do Brasil (COB), [&hellip;]<\/p>\n","protected":false},"author":96,"featured_media":157377,"comment_status":"closed","ping_status":"closed","sticky":false,"template":"","format":"standard","meta":{"footnotes":""},"categories":[436,257,439],"tags":[],"class_list":["post-157376","post","type-post","status-publish","format-standard","has-post-thumbnail","hentry","category-destaque-da-semana","category-esporte","category-ultima-hora"],"_links":{"self":[{"href":"https:\/\/diarioregionaldigital.com.br\/index.php?rest_route=\/wp\/v2\/posts\/157376","targetHints":{"allow":["GET"]}}],"collection":[{"href":"https:\/\/diarioregionaldigital.com.br\/index.php?rest_route=\/wp\/v2\/posts"}],"about":[{"href":"https:\/\/diarioregionaldigital.com.br\/index.php?rest_route=\/wp\/v2\/types\/post"}],"author":[{"embeddable":true,"href":"https:\/\/diarioregionaldigital.com.br\/index.php?rest_route=\/wp\/v2\/users\/96"}],"replies":[{"embeddable":true,"href":"https:\/\/diarioregionaldigital.com.br\/index.php?rest_route=%2Fwp%2Fv2%2Fcomments&post=157376"}],"version-history":[{"count":0,"href":"https:\/\/diarioregionaldigital.com.br\/index.php?rest_route=\/wp\/v2\/posts\/157376\/revisions"}],"wp:featuredmedia":[{"embeddable":true,"href":"https:\/\/diarioregionaldigital.com.br\/index.php?rest_route=\/wp\/v2\/media\/157377"}],"wp:attachment":[{"href":"https:\/\/diarioregionaldigital.com.br\/index.php?rest_route=%2Fwp%2Fv2%2Fmedia&parent=157376"}],"wp:term":[{"taxonomy":"category","embeddable":true,"href":"https:\/\/diarioregionaldigital.com.br\/index.php?rest_route=%2Fwp%2Fv2%2Fcategories&post=157376"},{"taxonomy":"post_tag","embeddable":true,"href":"https:\/\/diarioregionaldigital.com.br\/index.php?rest_route=%2Fwp%2Fv2%2Ftags&post=157376"}],"curies":[{"name":"wp","href":"https:\/\/api.w.org\/{rel}","templated":true}]}}