{"id":157374,"date":"2020-03-25T17:24:02","date_gmt":"2020-03-25T20:24:02","guid":{"rendered":"https:\/\/diarioregionaldigital.com.br\/?p=157374"},"modified":"2020-03-25T17:24:07","modified_gmt":"2020-03-25T20:24:07","slug":"mortes-por-novo-coronavirus-sobem-para-57-no-brasil","status":"publish","type":"post","link":"https:\/\/diarioregionaldigital.com.br\/?p=157374","title":{"rendered":"Mortes por novo coronav\u00edrus sobem para 57 no Brasil"},"content":{"rendered":"<p>O n\u00famero de mortes decorrentes do novo coronav\u00edrus (covid-19) chegou a 57, conforme atualiza\u00e7\u00e3o do Minist\u00e9rio da Sa\u00fade publicada hoje (25). Pela primeira vez desde o in\u00edcio da pandemia, foram registradas mortes fora dos epicentros do surto no pa\u00eds, S\u00e3o Paulo e Rio de Janeiro. Falecimentos em raz\u00e3o da covid-19 ocorreram em Pernambuco, no Rio Grande do Sul e no Amazonas.<\/p>\n<p>O total de mortes marca um aumento de 11 em rela\u00e7\u00e3o a ontem, quando a contabiliza\u00e7\u00e3o marcava 46 v\u00edtimas que vieram a \u00f3bito por conta da infec\u00e7\u00e3o. Na segunda-feira, eram 25 falecimentos.\u00a0 Do total, 48 foram em S\u00e3o Paulo, seis no Rio de Janeiro, uma no Amazonas,\u00a0uma no Rio Grande do Sul e uma em Pernambuco.<\/p>\n<p>O total de casos confirmados saiu de 2.201 ontem para 2433 casos. O resultado de hoje marcou um aumento de 28% nos casos em rela\u00e7\u00e3o ao in\u00edcio da semana, quando foram contabilizadas 1.891 pessoas infectadas. Como local de maior circula\u00e7\u00e3o do novo coronav\u00edrus no pa\u00eds, S\u00e3o Paulo tamb\u00e9m lidera o n\u00famero de pessoas infectadas, com 862 casos confirmados. Em seguida, o\u00a0Rio de Janeiro (370), Cear\u00e1 (200), Distrito Federal (160), Minas Gerais (133) e Rio Grande do Sul (123).<\/p>\n<p>Tamb\u00e9m registram casos confirmados Santa Catarina (109), Bahia (84), Paran\u00e1 (81), Amazonas (54), Pernambuco (46), Esp\u00edrito Santo (39), Goi\u00e1s (29), Mato Grosso do Sul (24), Acre (23), Sergipe (16), Rio Grande do Norte (14), Alagoas (11), Mato Grosso (oito), Maranh\u00e3o (oito), Piau\u00ed (oito), Roraima (oito),\u00a0Tocantins (sete), Par\u00e1 (sete), Rond\u00f4nia (cinco), Para\u00edba (tr\u00eas), e Amap\u00e1 (um).<\/p>\n<p>O\u00a0Minist\u00e9rio da Sa\u00fade recomenda o\u00a0isolamento\u00a0a quem apresenta\u00a0sintomas da covid-19\u00a0e a moradores da mesma resid\u00eancia do paciente sintom\u00e1tico, bem como a idosos acima de 60 anos, pelo prazo de 14 dias. Uma vez terminado esse per\u00edodo, n\u00e3o haveria mais necessidade da medida, a n\u00e3o ser em casos de uma condi\u00e7\u00e3o m\u00e9dica espec\u00edfica.<\/p>\n<p>&nbsp;<\/p>\n<p><strong>Fonte:\u00a0<\/strong>Ag\u00eancia Brasil<\/p>\n","protected":false},"excerpt":{"rendered":"<p>O n\u00famero de mortes decorrentes do novo coronav\u00edrus (covid-19) chegou a 57, conforme atualiza\u00e7\u00e3o do Minist\u00e9rio da Sa\u00fade publicada hoje (25). Pela primeira vez desde o in\u00edcio da pandemia, foram registradas mortes fora dos epicentros do surto no pa\u00eds, S\u00e3o Paulo e Rio de Janeiro. Falecimentos em raz\u00e3o da covid-19 ocorreram em Pernambuco, no Rio [&hellip;]<\/p>\n","protected":false},"author":96,"featured_media":155235,"comment_status":"closed","ping_status":"closed","sticky":false,"template":"","format":"standard","meta":{"footnotes":""},"categories":[302,436,440,439],"tags":[],"class_list":["post-157374","post","type-post","status-publish","format-standard","has-post-thumbnail","hentry","category-brasil-mundo","category-destaque-da-semana","category-destaques-do-dia","category-ultima-hora"],"_links":{"self":[{"href":"https:\/\/diarioregionaldigital.com.br\/index.php?rest_route=\/wp\/v2\/posts\/157374","targetHints":{"allow":["GET"]}}],"collection":[{"href":"https:\/\/diarioregionaldigital.com.br\/index.php?rest_route=\/wp\/v2\/posts"}],"about":[{"href":"https:\/\/diarioregionaldigital.com.br\/index.php?rest_route=\/wp\/v2\/types\/post"}],"author":[{"embeddable":true,"href":"https:\/\/diarioregionaldigital.com.br\/index.php?rest_route=\/wp\/v2\/users\/96"}],"replies":[{"embeddable":true,"href":"https:\/\/diarioregionaldigital.com.br\/index.php?rest_route=%2Fwp%2Fv2%2Fcomments&post=157374"}],"version-history":[{"count":0,"href":"https:\/\/diarioregionaldigital.com.br\/index.php?rest_route=\/wp\/v2\/posts\/157374\/revisions"}],"wp:featuredmedia":[{"embeddable":true,"href":"https:\/\/diarioregionaldigital.com.br\/index.php?rest_route=\/wp\/v2\/media\/155235"}],"wp:attachment":[{"href":"https:\/\/diarioregionaldigital.com.br\/index.php?rest_route=%2Fwp%2Fv2%2Fmedia&parent=157374"}],"wp:term":[{"taxonomy":"category","embeddable":true,"href":"https:\/\/diarioregionaldigital.com.br\/index.php?rest_route=%2Fwp%2Fv2%2Fcategories&post=157374"},{"taxonomy":"post_tag","embeddable":true,"href":"https:\/\/diarioregionaldigital.com.br\/index.php?rest_route=%2Fwp%2Fv2%2Ftags&post=157374"}],"curies":[{"name":"wp","href":"https:\/\/api.w.org\/{rel}","templated":true}]}}