{"id":157337,"date":"2020-03-25T13:26:54","date_gmt":"2020-03-25T16:26:54","guid":{"rendered":"https:\/\/diarioregionaldigital.com.br\/?p=157337"},"modified":"2020-03-25T13:26:54","modified_gmt":"2020-03-25T16:26:54","slug":"bolsonaro-pede-calma-e-diz-que-pais-vencera-novo-coronavirus","status":"publish","type":"post","link":"https:\/\/diarioregionaldigital.com.br\/?p=157337","title":{"rendered":"Bolsonaro pede calma e diz que pa\u00eds vencer\u00e1 novo coronav\u00edrus"},"content":{"rendered":"<p>Em pronunciamento no r\u00e1dio e na TV na noite desta ter\u00e7a-feira (24), o presidente Jair Bolsonaro afirmou que o novo coronav\u00edrus (covid-19) est\u00e1 sendo enfrentado e pediu calma \u00e0 popula\u00e7\u00e3o. &#8220;Sem p\u00e2nico ou histeria, como venho falando desde o princ\u00edpio, venceremos o v\u00edrus e nos orgulharemos\u201d, disse o presidente.<\/p>\n<p>Bolsonaro afirmou que as autoridades devem evitar medidas como proibi\u00e7\u00e3o de transportes, o fechamento de com\u00e9rcio e o confinamento em massa. \u201cNossa vida tem que continuar. Os empregos devem ser mantidos. O sustento das fam\u00edlias deve ser preservado. Devemos, sim, voltar \u00e0 normalidade\u201d, destacou.<\/p>\n<p>O presidente voltou a dizer que o grupo de risco para a doen\u00e7a \u00e9 o das pessoas acima dos 60 anos de idade e que n\u00e3o teria necessidade de fechamento de escolas, j\u00e1 que s\u00e3o raros os casos fatais de pessoas s\u00e3s com menos de 40 anos. Segundo ele, 90% da popula\u00e7\u00e3o n\u00e3o ter\u00e1 qualquer manifesta\u00e7\u00e3o da doen\u00e7a, caso se contamine, e a preocupa\u00e7\u00e3o maior deve ser n\u00e3o transmitir o v\u00edrus, &#8220;em especial aos nossos queridos pais e av\u00f3s&#8221;.\u00a0 Sobre os trabalhos das equipes de sa\u00fade em todo o pa\u00eds, coordenadas pelo ministro da Sa\u00fade, Luiz Henrique Mandetta, Bolsonaro confirmou que ocorreu um planejamento estrat\u00e9gico para manter um atendimento eficaz dos pacientes no Sistema \u00danico de Sa\u00fade (SUS).<\/p>\n<p>Jair Bolsonaro disse ainda acreditar na capacidade dos cientistas e pesquisadores para a cura dessa doen\u00e7a e falou que o governo recebeu not\u00edcias positivas sobre o uso da cloroquina no tratamento da covid-19. Ele aproveitou o pronunciamento para agradecer quem est\u00e1 na linha de frente no combate ao novo coronav\u00edrus. \u201cAproveito para render minha homenagem a todos os profissionais de sa\u00fade: m\u00e9dicos, enfermeiros, t\u00e9cnicos e colaboradores, que na linha de frente nos recebem nos hospitais, nos tratam e nos confortam.\u201d<\/p>\n<p>&nbsp;<\/p>\n<p><strong>Fonte:\u00a0<\/strong>Ag\u00eancia Brasil<\/p>\n","protected":false},"excerpt":{"rendered":"<p>Em pronunciamento no r\u00e1dio e na TV na noite desta ter\u00e7a-feira (24), o presidente Jair Bolsonaro afirmou que o novo coronav\u00edrus (covid-19) est\u00e1 sendo enfrentado e pediu calma \u00e0 popula\u00e7\u00e3o. &#8220;Sem p\u00e2nico ou histeria, como venho falando desde o princ\u00edpio, venceremos o v\u00edrus e nos orgulharemos\u201d, disse o presidente. Bolsonaro afirmou que as autoridades devem [&hellip;]<\/p>\n","protected":false},"author":96,"featured_media":154934,"comment_status":"closed","ping_status":"closed","sticky":false,"template":"","format":"standard","meta":{"footnotes":""},"categories":[436,440,254,439],"tags":[],"class_list":["post-157337","post","type-post","status-publish","format-standard","has-post-thumbnail","hentry","category-destaque-da-semana","category-destaques-do-dia","category-politica","category-ultima-hora"],"_links":{"self":[{"href":"https:\/\/diarioregionaldigital.com.br\/index.php?rest_route=\/wp\/v2\/posts\/157337","targetHints":{"allow":["GET"]}}],"collection":[{"href":"https:\/\/diarioregionaldigital.com.br\/index.php?rest_route=\/wp\/v2\/posts"}],"about":[{"href":"https:\/\/diarioregionaldigital.com.br\/index.php?rest_route=\/wp\/v2\/types\/post"}],"author":[{"embeddable":true,"href":"https:\/\/diarioregionaldigital.com.br\/index.php?rest_route=\/wp\/v2\/users\/96"}],"replies":[{"embeddable":true,"href":"https:\/\/diarioregionaldigital.com.br\/index.php?rest_route=%2Fwp%2Fv2%2Fcomments&post=157337"}],"version-history":[{"count":0,"href":"https:\/\/diarioregionaldigital.com.br\/index.php?rest_route=\/wp\/v2\/posts\/157337\/revisions"}],"wp:featuredmedia":[{"embeddable":true,"href":"https:\/\/diarioregionaldigital.com.br\/index.php?rest_route=\/wp\/v2\/media\/154934"}],"wp:attachment":[{"href":"https:\/\/diarioregionaldigital.com.br\/index.php?rest_route=%2Fwp%2Fv2%2Fmedia&parent=157337"}],"wp:term":[{"taxonomy":"category","embeddable":true,"href":"https:\/\/diarioregionaldigital.com.br\/index.php?rest_route=%2Fwp%2Fv2%2Fcategories&post=157337"},{"taxonomy":"post_tag","embeddable":true,"href":"https:\/\/diarioregionaldigital.com.br\/index.php?rest_route=%2Fwp%2Fv2%2Ftags&post=157337"}],"curies":[{"name":"wp","href":"https:\/\/api.w.org\/{rel}","templated":true}]}}