{"id":157332,"date":"2020-03-25T13:19:22","date_gmt":"2020-03-25T16:19:22","guid":{"rendered":"https:\/\/diarioregionaldigital.com.br\/?p=157332"},"modified":"2020-03-25T13:19:22","modified_gmt":"2020-03-25T16:19:22","slug":"numero-de-mortos-por-coronavirus-na-espanha-supera-total-da-china","status":"publish","type":"post","link":"https:\/\/diarioregionaldigital.com.br\/?p=157332","title":{"rendered":"N\u00famero de mortos por coronav\u00edrus na Espanha supera total da China"},"content":{"rendered":"<p>A Espanha registrou um salto de 738 mortes por coronav\u00edrus nesta quarta-feira (25), superando o total de \u00f3bitos em decorr\u00eancia da doen\u00e7a na China, onde se originou, enquanto o pa\u00eds luta para lidar com o n\u00famero crescente de infec\u00e7\u00f5es.<\/p>\n<p>Com 3.434 mortes, a Espanha agora tem o segundo maior n\u00famero de mortes no mundo, depois dos 6.820 da It\u00e1lia. Uma pista de patina\u00e7\u00e3o em Madri foi transformada em um necrot\u00e9rio improvisado, e dezenas de mortes est\u00e3o sendo registradas em lares de idosos em todo o pa\u00eds.<\/p>\n<p>Profissionais de sa\u00fade da Espanha, que respondem por milhares dos infectados, entraram com a\u00e7\u00f5es judiciais contra o governo, queixando-se da falta de equipamentos b\u00e1sicos de prote\u00e7\u00e3o, como m\u00e1scaras, jalecos e luvas.<\/p>\n<p>O Ex\u00e9rcito espanhol pediu \u00e0 Otan ventiladores pulmonares, equipamentos de prote\u00e7\u00e3o e kits de teste, disse o chefe das For\u00e7as Armadas, Miguel Villarroya, nesta quarta-feira (25).<\/p>\n<p>A Espanha est\u00e1 no 11\u00ba dia de um bloqueio nacional de 15 dias, que provavelmente ser\u00e1 estendido para 30 dias. Escolas, bares, restaurantes e a maioria das lojas est\u00e3o fechadas. Reuni\u00f5es sociais s\u00e3o proibidas. As pessoas est\u00e3o confinadas em suas casas.<\/p>\n<p>&#8220;Alcan\u00e7amos uma redu\u00e7\u00e3o quase total no contato social&#8221;, disse o chefe de emerg\u00eancia em sa\u00fade, Fernando Simon, em entrevista coletiva, acrescentando que a Espanha estava chegando ao auge da epidemia.<\/p>\n<p>O n\u00famero de casos de coronav\u00edrus aumentou em um quinto, para 47.610, nesta quarta-feira (25).<\/p>\n<p>Al\u00e9m do impacto devastador na sa\u00fade, o bloqueio foi um golpe punitivo para a economia espanhola, com dezenas de milhares de trabalhadores temporariamente afastados, \u00e0 medida que setores como varejo, turismo e manufatura pararam.<\/p>\n<p>&nbsp;<\/p>\n<p><strong>Fonte:\u00a0<\/strong>Ag\u00eancia Brasil<\/p>\n","protected":false},"excerpt":{"rendered":"<p>A Espanha registrou um salto de 738 mortes por coronav\u00edrus nesta quarta-feira (25), superando o total de \u00f3bitos em decorr\u00eancia da doen\u00e7a na China, onde se originou, enquanto o pa\u00eds luta para lidar com o n\u00famero crescente de infec\u00e7\u00f5es. Com 3.434 mortes, a Espanha agora tem o segundo maior n\u00famero de mortes no mundo, depois [&hellip;]<\/p>\n","protected":false},"author":96,"featured_media":154834,"comment_status":"closed","ping_status":"closed","sticky":false,"template":"","format":"standard","meta":{"footnotes":""},"categories":[302,436,440,439],"tags":[],"class_list":["post-157332","post","type-post","status-publish","format-standard","has-post-thumbnail","hentry","category-brasil-mundo","category-destaque-da-semana","category-destaques-do-dia","category-ultima-hora"],"_links":{"self":[{"href":"https:\/\/diarioregionaldigital.com.br\/index.php?rest_route=\/wp\/v2\/posts\/157332","targetHints":{"allow":["GET"]}}],"collection":[{"href":"https:\/\/diarioregionaldigital.com.br\/index.php?rest_route=\/wp\/v2\/posts"}],"about":[{"href":"https:\/\/diarioregionaldigital.com.br\/index.php?rest_route=\/wp\/v2\/types\/post"}],"author":[{"embeddable":true,"href":"https:\/\/diarioregionaldigital.com.br\/index.php?rest_route=\/wp\/v2\/users\/96"}],"replies":[{"embeddable":true,"href":"https:\/\/diarioregionaldigital.com.br\/index.php?rest_route=%2Fwp%2Fv2%2Fcomments&post=157332"}],"version-history":[{"count":0,"href":"https:\/\/diarioregionaldigital.com.br\/index.php?rest_route=\/wp\/v2\/posts\/157332\/revisions"}],"wp:featuredmedia":[{"embeddable":true,"href":"https:\/\/diarioregionaldigital.com.br\/index.php?rest_route=\/wp\/v2\/media\/154834"}],"wp:attachment":[{"href":"https:\/\/diarioregionaldigital.com.br\/index.php?rest_route=%2Fwp%2Fv2%2Fmedia&parent=157332"}],"wp:term":[{"taxonomy":"category","embeddable":true,"href":"https:\/\/diarioregionaldigital.com.br\/index.php?rest_route=%2Fwp%2Fv2%2Fcategories&post=157332"},{"taxonomy":"post_tag","embeddable":true,"href":"https:\/\/diarioregionaldigital.com.br\/index.php?rest_route=%2Fwp%2Fv2%2Ftags&post=157332"}],"curies":[{"name":"wp","href":"https:\/\/api.w.org\/{rel}","templated":true}]}}