{"id":157330,"date":"2020-03-25T13:15:41","date_gmt":"2020-03-25T16:15:41","guid":{"rendered":"https:\/\/diarioregionaldigital.com.br\/?p=157330"},"modified":"2020-03-25T13:15:41","modified_gmt":"2020-03-25T16:15:41","slug":"coronavirus-46-mortes-e-2-201-casos-confirmados","status":"publish","type":"post","link":"https:\/\/diarioregionaldigital.com.br\/?p=157330","title":{"rendered":"Coronav\u00edrus: 46 mortes e 2.201 casos confirmados"},"content":{"rendered":"<p>Subiu para 2.201 o n\u00famero de casos confirmados de coronav\u00edrus (Covid-19) no Brasil, de acordo com as informa\u00e7\u00f5es repassadas pelos estados ao Minist\u00e9rio da Sa\u00fade nessa ter\u00e7a-feira (24). At\u00e9 o momento, 46 mortes est\u00e3o confirmadas, sendo 40 no estado de S\u00e3o Paulo e seis no Rio de Janeiro.<\/p>\n<p>Atualmente, todos os estados do pa\u00eds registram casos da doen\u00e7a, mas nem todas as regi\u00f5es apresentam o mesmo n\u00edvel de transmiss\u00e3o. A regi\u00e3o norte, por exemplo, tem 3,7% do total de casos do Brasil. Na outra ponta, a regi\u00e3o Sudeste representa o maior percentual, na ordem de 58,1%.<\/p>\n<p>O secret\u00e1rio-executivo do Minist\u00e9rio da Sa\u00fade, Jo\u00e3o Gabbardo, explicou que a maioria dos casos de coronav\u00edrus s\u00e3o assintom\u00e1ticos, ou seja, a pessoa ter\u00e1 a doen\u00e7a, mas n\u00e3o apresentar\u00e1 sintomas. &#8220;De cada 100 pacientes com cornavirus, conseguimos identificar 14. Cerca de 86% das pessoas que tem coronavirus n\u00e3o s\u00e3o identificadas. Isso ocorre no mundo inteiro. Trabalhamos com um \u00edndice que seria baseado na evolu\u00e7\u00e3o dos demais pa\u00edses de um acr\u00e9scimo no n\u00famero de dados confirmados de 33% por dia. Isso significa que a cada tr\u00eas dias, ter\u00edamos o n\u00famero de casos dobrado. Isso tem acontecido. No entanto, temos ficado geralmente abaixo dos 33%. A curva de crescimento est\u00e1 dentro da nossa expectativa. O Brasil n\u00e3o \u00e9 o p\u00e1is que tem a maior varia\u00e7\u00e3o de casos dos 10 pa\u00edses mais acometidos. Estamos abaixo da m\u00e9dia entre os pa\u00edses. O crescimento de casos est\u00e1 dentro da expectativa&#8221;, disse o secret\u00e1rio-executivo.<\/p>\n<p>Para garantir um esfor\u00e7o coletivo de todos os brasileiros para reduzir a velocidade de transmiss\u00e3o do coronav\u00edrus, na \u00faltima sexta-feira (20), o Minist\u00e9rio da Sa\u00fade reconheceu a transmiss\u00e3o comunit\u00e1ria da Covid-19 em todo o pa\u00eds. Assim, a medida \u00e9 uma estrat\u00e9gia para que todo o Brasil se una contra o v\u00edrus.<\/p>\n<p>Em termos pr\u00e1ticos, a declara\u00e7\u00e3o \u00e9 um comando do Minist\u00e9rio da Sa\u00fade para que todos os gestores nacionais adotem medidas para promover o distanciamento social e evitar aglomera\u00e7\u00f5es, conhecidas como medidas n\u00e3o farmacol\u00f3gicas, ou seja, que n\u00e3o envolvem o uso de medicamentos ou vacinas.<\/p>\n<p>&nbsp;<\/p>\n<p><strong>Fonte:\u00a0<\/strong>Assessoria<\/p>\n","protected":false},"excerpt":{"rendered":"<p>Subiu para 2.201 o n\u00famero de casos confirmados de coronav\u00edrus (Covid-19) no Brasil, de acordo com as informa\u00e7\u00f5es repassadas pelos estados ao Minist\u00e9rio da Sa\u00fade nessa ter\u00e7a-feira (24). At\u00e9 o momento, 46 mortes est\u00e3o confirmadas, sendo 40 no estado de S\u00e3o Paulo e seis no Rio de Janeiro. Atualmente, todos os estados do pa\u00eds registram [&hellip;]<\/p>\n","protected":false},"author":96,"featured_media":156296,"comment_status":"closed","ping_status":"closed","sticky":false,"template":"","format":"standard","meta":{"footnotes":""},"categories":[302,436,440,439],"tags":[],"class_list":["post-157330","post","type-post","status-publish","format-standard","has-post-thumbnail","hentry","category-brasil-mundo","category-destaque-da-semana","category-destaques-do-dia","category-ultima-hora"],"_links":{"self":[{"href":"https:\/\/diarioregionaldigital.com.br\/index.php?rest_route=\/wp\/v2\/posts\/157330","targetHints":{"allow":["GET"]}}],"collection":[{"href":"https:\/\/diarioregionaldigital.com.br\/index.php?rest_route=\/wp\/v2\/posts"}],"about":[{"href":"https:\/\/diarioregionaldigital.com.br\/index.php?rest_route=\/wp\/v2\/types\/post"}],"author":[{"embeddable":true,"href":"https:\/\/diarioregionaldigital.com.br\/index.php?rest_route=\/wp\/v2\/users\/96"}],"replies":[{"embeddable":true,"href":"https:\/\/diarioregionaldigital.com.br\/index.php?rest_route=%2Fwp%2Fv2%2Fcomments&post=157330"}],"version-history":[{"count":0,"href":"https:\/\/diarioregionaldigital.com.br\/index.php?rest_route=\/wp\/v2\/posts\/157330\/revisions"}],"wp:featuredmedia":[{"embeddable":true,"href":"https:\/\/diarioregionaldigital.com.br\/index.php?rest_route=\/wp\/v2\/media\/156296"}],"wp:attachment":[{"href":"https:\/\/diarioregionaldigital.com.br\/index.php?rest_route=%2Fwp%2Fv2%2Fmedia&parent=157330"}],"wp:term":[{"taxonomy":"category","embeddable":true,"href":"https:\/\/diarioregionaldigital.com.br\/index.php?rest_route=%2Fwp%2Fv2%2Fcategories&post=157330"},{"taxonomy":"post_tag","embeddable":true,"href":"https:\/\/diarioregionaldigital.com.br\/index.php?rest_route=%2Fwp%2Fv2%2Ftags&post=157330"}],"curies":[{"name":"wp","href":"https:\/\/api.w.org\/{rel}","templated":true}]}}