{"id":157321,"date":"2020-03-25T06:00:43","date_gmt":"2020-03-25T09:00:43","guid":{"rendered":"https:\/\/diarioregionaldigital.com.br\/?p=157321"},"modified":"2020-03-25T00:05:20","modified_gmt":"2020-03-25T03:05:20","slug":"camara-municipal-de-matias-barbosa-licitacao-no14-25-03-2020","status":"publish","type":"post","link":"https:\/\/diarioregionaldigital.com.br\/?p=157321","title":{"rendered":"C\u00e2mara Municipal de Matias Barbosa &#8211; Licita\u00e7\u00e3o n\u00ba14 &#8211; 25\/03\/2020"},"content":{"rendered":"<p style=\"text-align: center;\"><strong>C\u00c2MARA MUNICIPAL DE MATIAS BARBOSA<\/strong><br \/>\n<strong>COMISS\u00c3O PERMANENTE DE LICITA\u00c7\u00c3O<\/strong><br \/>\n<strong>Processo Licitat\u00f3rio n\u00ba 14\/2020<\/strong><br \/>\n<strong>Preg\u00e3o Presencial n\u00ba 04\/2020<\/strong><\/p>\n<p style=\"text-align: center;\">A C\u00e2mara Municipal de Matias Barbosa torna p\u00fablico que o Processo Licitat\u00f3rio de n\u00famero em ep\u00edgrafe, cujo objeto \u00e9 Registro de Pre\u00e7os para aquisi\u00e7\u00e3o de Material de Expediente e Papelaria, a serem entregues de forma parcelada, visando atender, no \u00e2mbito deste Poder Legislativo, demandas referentes \u00e0 manuten\u00e7\u00e3o das atividades da C\u00e2mara Municipal de Matias Barbosa, conforme condi\u00e7\u00f5es, quantidades e exig\u00eancias estabelecidas neste Edital e seus anexos, aquisi\u00e7\u00e3o estas com vistas a atender as necessidades da C\u00e2mara Municipal de Matias Barbosa, conforme especifica\u00e7\u00f5es constantes no Edital e anexos, encontra-se SUSPENSO, bem como a sess\u00e3o p\u00fablica designada para o dia 27\/03\/2020 est\u00e1 CANCELADA tendo em vista as a\u00e7\u00f5es tomadas pelo Prefeito Municipal de Matias Barbosa\/MG, em especial aquelas tratadas no Decreto n\u00ba 3.336, de 12 de mar\u00e7o de 2020 e no Decreto n\u00ba 3.344, de 21 de mar\u00e7o de 2020, conciliadas com o Ato da Mesa Diretora da C\u00e2mara Municipal de Matias Barbosa, n\u00ba 01, de 20 de mar\u00e7o de 2020, todas estas voltadas ao controle do cont\u00e1gio e avan\u00e7o da pandemia instaurada pelo COVID-19, cabendo ao Setor de Licita\u00e7\u00f5es comunicar aos interessados sobre a citada SUSPENS\u00c3O e do devido CANCELAMENTO do Preg\u00e3o Presencial na referida data.<\/p>\n<p style=\"text-align: center;\"><strong>Matias Barbosa, 23 de mar\u00e7o de 2020.<\/strong><\/p>\n<p style=\"text-align: center;\"><strong>Jo\u00e3o Fernando de Assis Cipriani<\/strong><br \/>\n<strong>Presidente da C\u00e2mara Municipal de Matias Barbosa\/MG.<\/strong><\/p>\n","protected":false},"excerpt":{"rendered":"<p>C\u00c2MARA MUNICIPAL DE MATIAS BARBOSA COMISS\u00c3O PERMANENTE DE LICITA\u00c7\u00c3O Processo Licitat\u00f3rio n\u00ba 14\/2020 Preg\u00e3o Presencial n\u00ba 04\/2020 A C\u00e2mara Municipal de Matias Barbosa torna p\u00fablico que o Processo Licitat\u00f3rio de n\u00famero em ep\u00edgrafe, cujo objeto \u00e9 Registro de Pre\u00e7os para aquisi\u00e7\u00e3o de Material de Expediente e Papelaria, a serem entregues de forma parcelada, visando atender, [&hellip;]<\/p>\n","protected":false},"author":96,"featured_media":0,"comment_status":"closed","ping_status":"closed","sticky":false,"template":"","format":"standard","meta":{"footnotes":""},"categories":[307],"tags":[],"class_list":["post-157321","post","type-post","status-publish","format-standard","hentry","category-editais"],"_links":{"self":[{"href":"https:\/\/diarioregionaldigital.com.br\/index.php?rest_route=\/wp\/v2\/posts\/157321","targetHints":{"allow":["GET"]}}],"collection":[{"href":"https:\/\/diarioregionaldigital.com.br\/index.php?rest_route=\/wp\/v2\/posts"}],"about":[{"href":"https:\/\/diarioregionaldigital.com.br\/index.php?rest_route=\/wp\/v2\/types\/post"}],"author":[{"embeddable":true,"href":"https:\/\/diarioregionaldigital.com.br\/index.php?rest_route=\/wp\/v2\/users\/96"}],"replies":[{"embeddable":true,"href":"https:\/\/diarioregionaldigital.com.br\/index.php?rest_route=%2Fwp%2Fv2%2Fcomments&post=157321"}],"version-history":[{"count":0,"href":"https:\/\/diarioregionaldigital.com.br\/index.php?rest_route=\/wp\/v2\/posts\/157321\/revisions"}],"wp:attachment":[{"href":"https:\/\/diarioregionaldigital.com.br\/index.php?rest_route=%2Fwp%2Fv2%2Fmedia&parent=157321"}],"wp:term":[{"taxonomy":"category","embeddable":true,"href":"https:\/\/diarioregionaldigital.com.br\/index.php?rest_route=%2Fwp%2Fv2%2Fcategories&post=157321"},{"taxonomy":"post_tag","embeddable":true,"href":"https:\/\/diarioregionaldigital.com.br\/index.php?rest_route=%2Fwp%2Fv2%2Ftags&post=157321"}],"curies":[{"name":"wp","href":"https:\/\/api.w.org\/{rel}","templated":true}]}}