{"id":157316,"date":"2020-03-25T06:00:53","date_gmt":"2020-03-25T09:00:53","guid":{"rendered":"https:\/\/diarioregionaldigital.com.br\/?p=157316"},"modified":"2020-03-24T23:32:03","modified_gmt":"2020-03-25T02:32:03","slug":"adiados","status":"publish","type":"post","link":"https:\/\/diarioregionaldigital.com.br\/?p=157316","title":{"rendered":"Adiados"},"content":{"rendered":"<p style=\"text-align: center;\"><strong>Interrup\u00e7\u00e3o <\/strong><\/p>\n<p style=\"text-align: center;\">A f\u00e1brica da Mercedes-Benz em Juiz de Fora atendeu ao chamado para ficar em casa e, interrompeu as medidas de preven\u00e7\u00e3o \u00e0 Covid-19 adotadas pela montadora e abrange as demais unidades localizadas no Br asil. A expectativa \u00e9 que a rotina de trabalho seja retomada no dia 22 de abril.<\/p>\n<p style=\"text-align: center;\"><strong>#AperteOPause<\/strong><\/p>\n<p style=\"text-align: center;\">Em boa hora, o Privil\u00e9ge, consciente da real necessidade do distanciamento social ser praticado com rigor, informa ao colunista titular desta p\u00e1gina que apertou o pause de todas as atividades por tempo indeterminado. A campanha #AperteOPause tem como objetivo desacelerar o ritmo do cont\u00e1gio com o Coronav\u00edrus, provocando pensamento coletivo de forma respons\u00e1vel.<\/p>\n<p style=\"text-align: center;\"><strong>Aten\u00e7\u00e3o<\/strong><\/p>\n<p style=\"text-align: center;\">Em car\u00e1ter provis\u00f3rio a realiza\u00e7\u00e3o de procedimentos e consultas eletivas na Ag\u00eancia de Coopera\u00e7\u00e3o internacional em Sa\u00fade P\u00e9 de Serra (Acispes) foram suspensas em reuni\u00e3o com os secret\u00e1rios de Sa\u00fade dos Munic\u00edpios Consorciados e faz parte do Plano de conting\u00eancia adotado para enfrentar o Coronav\u00edrus. (Covid-19). As atividades do Centro Mais Vida tamb\u00e9m ser\u00e3o suspensas. A previs\u00e3o \u00e9 de que a medida dure 15 dias.<\/p>\n<p style=\"text-align: center;\"><strong>Urgente<\/strong><\/p>\n<p style=\"text-align: center;\">Em meio a pandemia do Coronav\u00edrus o vereador Adriano Miranda, encaminhou \u00e0 Cesama, uma requerimento para que a companhia das contas de \u00e1gua dos consumidores residenciais de Juiz de Fora. No requerimento, o vereador tamb\u00e9m prop\u00f5es revis\u00e3o das parcelas do IPTU a serem vencidas. Ponto para ele.<\/p>\n<p style=\"text-align: center;\"><span style=\"font-size: 14pt;\"><strong>Adiados<\/strong><\/span><\/p>\n<p style=\"text-align: center;\">Em boa hora os jogos Escolares da Minas Gerais foram cancelados. O Governo de Minas Gerias decretou e foi em virtude do decreto de situa\u00e7\u00e3o de emerg\u00eancia em sa\u00fade p\u00fablica no estado e em conson\u00e2ncia com as medidas que est\u00e3o sendo tomadas para conter o avan\u00e7o da Covid-19. Participam dos Jemg jovens de 12 a 17 anos. Novas datas ser\u00e3o marcadas.<\/p>\n<div id=\"attachment_157306\" style=\"width: 690px\" class=\"wp-caption aligncenter\"><img loading=\"lazy\" decoding=\"async\" aria-describedby=\"caption-attachment-157306\" class=\"wp-image-157306\" src=\"https:\/\/diarioregionaldigital.com.br\/wp-content\/uploads\/fotoa-43-e1585095804935.jpg\" alt=\"\" width=\"680\" height=\"511\" srcset=\"https:\/\/diarioregionaldigital.com.br\/wp-content\/uploads\/fotoa-43-e1585095804935.jpg 1485w, https:\/\/diarioregionaldigital.com.br\/wp-content\/uploads\/fotoa-43-e1585095804935-300x225.jpg 300w, https:\/\/diarioregionaldigital.com.br\/wp-content\/uploads\/fotoa-43-e1585095804935-768x577.jpg 768w, https:\/\/diarioregionaldigital.com.br\/wp-content\/uploads\/fotoa-43-e1585095804935-1024x770.jpg 1024w, https:\/\/diarioregionaldigital.com.br\/wp-content\/uploads\/fotoa-43-e1585095804935-360x271.jpg 360w\" sizes=\"auto, (max-width: 680px) 100vw, 680px\" \/><p id=\"caption-attachment-157306\" class=\"wp-caption-text\">A linda estrelinha Maria Eduarda Bill\u00e9 (Duda) foi fotografada pela av\u00f3 Dolores Tambasco para esta coluna<\/p><\/div>\n<div id=\"attachment_157307\" style=\"width: 690px\" class=\"wp-caption aligncenter\"><img loading=\"lazy\" decoding=\"async\" aria-describedby=\"caption-attachment-157307\" class=\"wp-image-157307\" src=\"https:\/\/diarioregionaldigital.com.br\/wp-content\/uploads\/fotob-47-e1585095855591.jpg\" alt=\"\" width=\"680\" height=\"588\" srcset=\"https:\/\/diarioregionaldigital.com.br\/wp-content\/uploads\/fotob-47-e1585095855591.jpg 1684w, https:\/\/diarioregionaldigital.com.br\/wp-content\/uploads\/fotob-47-e1585095855591-300x259.jpg 300w, https:\/\/diarioregionaldigital.com.br\/wp-content\/uploads\/fotob-47-e1585095855591-768x664.jpg 768w, https:\/\/diarioregionaldigital.com.br\/wp-content\/uploads\/fotob-47-e1585095855591-1024x885.jpg 1024w, https:\/\/diarioregionaldigital.com.br\/wp-content\/uploads\/fotob-47-e1585095855591-360x311.jpg 360w\" sizes=\"auto, (max-width: 680px) 100vw, 680px\" \/><p id=\"caption-attachment-157307\" class=\"wp-caption-text\">Despedindo do ver\u00e3o em Ipanema(RJ), o muso desta coluna Henrique Cruz, antes de aderir a quarentena<\/p><\/div>\n<div id=\"attachment_157308\" style=\"width: 690px\" class=\"wp-caption aligncenter\"><img loading=\"lazy\" decoding=\"async\" aria-describedby=\"caption-attachment-157308\" class=\"wp-image-157308\" src=\"https:\/\/diarioregionaldigital.com.br\/wp-content\/uploads\/fotoc-44-e1585095897670.jpg\" alt=\"\" width=\"680\" height=\"540\" srcset=\"https:\/\/diarioregionaldigital.com.br\/wp-content\/uploads\/fotoc-44-e1585095897670.jpg 1818w, https:\/\/diarioregionaldigital.com.br\/wp-content\/uploads\/fotoc-44-e1585095897670-300x238.jpg 300w, https:\/\/diarioregionaldigital.com.br\/wp-content\/uploads\/fotoc-44-e1585095897670-768x610.jpg 768w, https:\/\/diarioregionaldigital.com.br\/wp-content\/uploads\/fotoc-44-e1585095897670-1024x814.jpg 1024w, https:\/\/diarioregionaldigital.com.br\/wp-content\/uploads\/fotoc-44-e1585095897670-360x286.jpg 360w\" sizes=\"auto, (max-width: 680px) 100vw, 680px\" \/><p id=\"caption-attachment-157308\" class=\"wp-caption-text\">Toninho Buda em ritmo de medita\u00e7\u00e3o convoca energias positivas para o momento atual<\/p><\/div>\n<div id=\"attachment_157309\" style=\"width: 690px\" class=\"wp-caption aligncenter\"><img loading=\"lazy\" decoding=\"async\" aria-describedby=\"caption-attachment-157309\" class=\"wp-image-157309\" src=\"https:\/\/diarioregionaldigital.com.br\/wp-content\/uploads\/fotod-43-e1585095932683.jpg\" alt=\"\" width=\"680\" height=\"518\" srcset=\"https:\/\/diarioregionaldigital.com.br\/wp-content\/uploads\/fotod-43-e1585095932683.jpg 1718w, https:\/\/diarioregionaldigital.com.br\/wp-content\/uploads\/fotod-43-e1585095932683-300x228.jpg 300w, https:\/\/diarioregionaldigital.com.br\/wp-content\/uploads\/fotod-43-e1585095932683-768x585.jpg 768w, https:\/\/diarioregionaldigital.com.br\/wp-content\/uploads\/fotod-43-e1585095932683-1024x780.jpg 1024w, https:\/\/diarioregionaldigital.com.br\/wp-content\/uploads\/fotod-43-e1585095932683-360x274.jpg 360w\" sizes=\"auto, (max-width: 680px) 100vw, 680px\" \/><p id=\"caption-attachment-157309\" class=\"wp-caption-text\">No Unique em ritmo de festa, Emerson Matos Regina Ferreira e Pablo Mazzoni<\/p><\/div>\n<div id=\"attachment_157310\" style=\"width: 690px\" class=\"wp-caption aligncenter\"><img loading=\"lazy\" decoding=\"async\" aria-describedby=\"caption-attachment-157310\" class=\"wp-image-157310\" src=\"https:\/\/diarioregionaldigital.com.br\/wp-content\/uploads\/fotoe-41-e1585095961696.jpg\" alt=\"\" width=\"680\" height=\"530\" srcset=\"https:\/\/diarioregionaldigital.com.br\/wp-content\/uploads\/fotoe-41-e1585095961696.jpg 1890w, https:\/\/diarioregionaldigital.com.br\/wp-content\/uploads\/fotoe-41-e1585095961696-300x234.jpg 300w, https:\/\/diarioregionaldigital.com.br\/wp-content\/uploads\/fotoe-41-e1585095961696-768x598.jpg 768w, https:\/\/diarioregionaldigital.com.br\/wp-content\/uploads\/fotoe-41-e1585095961696-1024x798.jpg 1024w, https:\/\/diarioregionaldigital.com.br\/wp-content\/uploads\/fotoe-41-e1585095961696-360x280.jpg 360w\" sizes=\"auto, (max-width: 680px) 100vw, 680px\" \/><p id=\"caption-attachment-157310\" class=\"wp-caption-text\">No Trade Hotel convocando o glamour Marc\u00edlio Gomes e Ana Moura<\/p><\/div>\n<div id=\"attachment_157311\" style=\"width: 690px\" class=\"wp-caption aligncenter\"><img loading=\"lazy\" decoding=\"async\" aria-describedby=\"caption-attachment-157311\" class=\"wp-image-157311\" src=\"https:\/\/diarioregionaldigital.com.br\/wp-content\/uploads\/fotof-42.jpg\" alt=\"\" width=\"680\" height=\"441\" srcset=\"https:\/\/diarioregionaldigital.com.br\/wp-content\/uploads\/fotof-42.jpg 2652w, https:\/\/diarioregionaldigital.com.br\/wp-content\/uploads\/fotof-42-300x195.jpg 300w, https:\/\/diarioregionaldigital.com.br\/wp-content\/uploads\/fotof-42-768x498.jpg 768w, https:\/\/diarioregionaldigital.com.br\/wp-content\/uploads\/fotof-42-1024x664.jpg 1024w, https:\/\/diarioregionaldigital.com.br\/wp-content\/uploads\/fotof-42-360x233.jpg 360w\" sizes=\"auto, (max-width: 680px) 100vw, 680px\" \/><p id=\"caption-attachment-157311\" class=\"wp-caption-text\">Antes do confinamento Z\u00e9 Kodak, Eduardo Gomes e Helenise Machado foram bailar no Circulo Militar<\/p><\/div>\n<div id=\"attachment_157312\" style=\"width: 690px\" class=\"wp-caption aligncenter\"><img loading=\"lazy\" decoding=\"async\" aria-describedby=\"caption-attachment-157312\" class=\"wp-image-157312\" src=\"https:\/\/diarioregionaldigital.com.br\/wp-content\/uploads\/fotog-41-e1585096140372.jpg\" alt=\"\" width=\"680\" height=\"507\" srcset=\"https:\/\/diarioregionaldigital.com.br\/wp-content\/uploads\/fotog-41-e1585096140372.jpg 1793w, https:\/\/diarioregionaldigital.com.br\/wp-content\/uploads\/fotog-41-e1585096140372-300x224.jpg 300w, https:\/\/diarioregionaldigital.com.br\/wp-content\/uploads\/fotog-41-e1585096140372-768x573.jpg 768w, https:\/\/diarioregionaldigital.com.br\/wp-content\/uploads\/fotog-41-e1585096140372-1024x764.jpg 1024w, https:\/\/diarioregionaldigital.com.br\/wp-content\/uploads\/fotog-41-e1585096140372-360x269.jpg 360w\" sizes=\"auto, (max-width: 680px) 100vw, 680px\" \/><p id=\"caption-attachment-157312\" class=\"wp-caption-text\">J\u00falia, Edu e Fernando Sotrate no baile do Come Quieto no Terrazzo<\/p><\/div>\n<div id=\"attachment_157313\" style=\"width: 690px\" class=\"wp-caption aligncenter\"><img loading=\"lazy\" decoding=\"async\" aria-describedby=\"caption-attachment-157313\" class=\"wp-image-157313\" src=\"https:\/\/diarioregionaldigital.com.br\/wp-content\/uploads\/fotoh-35.jpg\" alt=\"\" width=\"680\" height=\"450\" srcset=\"https:\/\/diarioregionaldigital.com.br\/wp-content\/uploads\/fotoh-35.jpg 2432w, https:\/\/diarioregionaldigital.com.br\/wp-content\/uploads\/fotoh-35-300x198.jpg 300w, https:\/\/diarioregionaldigital.com.br\/wp-content\/uploads\/fotoh-35-768x508.jpg 768w, https:\/\/diarioregionaldigital.com.br\/wp-content\/uploads\/fotoh-35-1024x677.jpg 1024w, https:\/\/diarioregionaldigital.com.br\/wp-content\/uploads\/fotoh-35-1440x950.jpg 1440w, https:\/\/diarioregionaldigital.com.br\/wp-content\/uploads\/fotoh-35-360x238.jpg 360w\" sizes=\"auto, (max-width: 680px) 100vw, 680px\" \/><p id=\"caption-attachment-157313\" class=\"wp-caption-text\">Na Assunta, as bonitas e elegantes M\u00f4nica Gomide e Guimar\u00e3es e Maria Pires<\/p><\/div>\n<div id=\"attachment_157315\" style=\"width: 690px\" class=\"wp-caption aligncenter\"><img loading=\"lazy\" decoding=\"async\" aria-describedby=\"caption-attachment-157315\" class=\"wp-image-157315\" src=\"https:\/\/diarioregionaldigital.com.br\/wp-content\/uploads\/fotoj-29-e1585097254971.jpg\" alt=\"\" width=\"680\" height=\"568\" srcset=\"https:\/\/diarioregionaldigital.com.br\/wp-content\/uploads\/fotoj-29-e1585097254971.jpg 1760w, https:\/\/diarioregionaldigital.com.br\/wp-content\/uploads\/fotoj-29-e1585097254971-300x251.jpg 300w, https:\/\/diarioregionaldigital.com.br\/wp-content\/uploads\/fotoj-29-e1585097254971-768x642.jpg 768w, https:\/\/diarioregionaldigital.com.br\/wp-content\/uploads\/fotoj-29-e1585097254971-1024x856.jpg 1024w, https:\/\/diarioregionaldigital.com.br\/wp-content\/uploads\/fotoj-29-e1585097254971-360x301.jpg 360w\" sizes=\"auto, (max-width: 680px) 100vw, 680px\" \/><p id=\"caption-attachment-157315\" class=\"wp-caption-text\">Dando um tempo de teatro no OAndarDebaixo, o ator e diretor Vin\u00edcius Crist\u00f3v\u00e3o curte seu c\u00e3o Boris<\/p><\/div>\n<div id=\"attachment_157314\" style=\"width: 690px\" class=\"wp-caption aligncenter\"><img loading=\"lazy\" decoding=\"async\" aria-describedby=\"caption-attachment-157314\" class=\"wp-image-157314\" src=\"https:\/\/diarioregionaldigital.com.br\/wp-content\/uploads\/fotoi-39-e1585097208603.jpg\" alt=\"\" width=\"680\" height=\"523\" srcset=\"https:\/\/diarioregionaldigital.com.br\/wp-content\/uploads\/fotoi-39-e1585097208603.jpg 1684w, https:\/\/diarioregionaldigital.com.br\/wp-content\/uploads\/fotoi-39-e1585097208603-300x231.jpg 300w, https:\/\/diarioregionaldigital.com.br\/wp-content\/uploads\/fotoi-39-e1585097208603-768x591.jpg 768w, https:\/\/diarioregionaldigital.com.br\/wp-content\/uploads\/fotoi-39-e1585097208603-1024x788.jpg 1024w, https:\/\/diarioregionaldigital.com.br\/wp-content\/uploads\/fotoi-39-e1585097208603-360x277.jpg 360w\" sizes=\"auto, (max-width: 680px) 100vw, 680px\" \/><p id=\"caption-attachment-157314\" class=\"wp-caption-text\">Amigos para sempre prometendo abra\u00e7os futuros, Myrliane Le\u00e3o e Alex Martins, na Assunta<\/p><\/div>\n<p style=\"text-align: center;\"><strong>FOTOSS\u00cdNTESE<\/strong><\/p>\n<p>Com eventos, festas e comemora\u00e7\u00f5es suspensos devido ao Coronav\u00edrus, muita gente aproveita para ficar em casa e usar a internet para destilar abobrinhas e falta de informa\u00e7\u00e3o. Nota zero para gente palpiteira.<\/p>\n<p>O Coronav\u00edrus complicou o calend\u00e1rio do futebol brasileiro e todos os clubes da S\u00e9rie A cancelaram seus treinos. Se a bola voltar a rolar em maio, os estaduais v\u00e3o terminar apenas em junho.<\/p>\n<p>A jornalista Maruska Grassano l\u00edder da marca Peregrina lan\u00e7ou campanha em apoio ao trabalho das mulheres da Aldeia Chico Curumim, na floresta Amaz\u00f4nica. A \u201cvaguinha virtual\u201d pretende comprar os artesanatos da comunidade e um barco para os moradores da tribo. Uma fofa ela.<\/p>\n<p>O colunista C\u00e9sar Romero adiou a promo\u00e7\u00e3o Feijoada 2020 para o segundo semestre.<\/p>\n<p>A m\u00e9dica psiquiatra Elimar Jacob Salzer Rodrigues fechou seu consult\u00f3rio provisoriamente. Tamb\u00e9m a Sociedade de Medicina e Cirurgia de Juiz de Fora suspendeu \u00e0s atividades por tempo indeterminado.<\/p>\n<p>Ambulantes no Cal\u00e7ad\u00e3o da Halfeld est\u00e3o vendendo \u201cgel gen\u00e9rico\u201d como eles dizem. \u00c9 falsificado. Al\u00f4, al\u00f4 fiscaliza\u00e7\u00e3o.<\/p>\n<p>Muito habilidoso, o empres\u00e1rio M\u00e1rcio Marques coloca a m\u00e3o na massa e produz deliciosas tortas salgadas, bolos, sanduiche de p\u00e3o de forma e pav\u00ea. Encomendas pelo fone: 98864-0464. Entrega a domic\u00edlio.<\/p>\n<p>O Miss e Mr. Juiz de Fora foi cancelado. Breve nova data.<\/p>\n<p>Emfim: S\u00f3 quem carrega o pr\u00f3prio balde sabe o valor de cada gota d\u2019\u00e1gua\u201d (Proverbio popular). Bom dia.<\/p>\n<p><img loading=\"lazy\" decoding=\"async\" class=\"aligncenter size-full wp-image-157319\" src=\"https:\/\/diarioregionaldigital.com.br\/wp-content\/uploads\/anuncio44.jpg\" alt=\"\" width=\"3492\" height=\"1356\" srcset=\"https:\/\/diarioregionaldigital.com.br\/wp-content\/uploads\/anuncio44.jpg 3492w, https:\/\/diarioregionaldigital.com.br\/wp-content\/uploads\/anuncio44-300x116.jpg 300w, https:\/\/diarioregionaldigital.com.br\/wp-content\/uploads\/anuncio44-768x298.jpg 768w, https:\/\/diarioregionaldigital.com.br\/wp-content\/uploads\/anuncio44-1024x398.jpg 1024w, https:\/\/diarioregionaldigital.com.br\/wp-content\/uploads\/anuncio44-360x140.jpg 360w\" sizes=\"auto, (max-width: 3492px) 100vw, 3492px\" \/><\/p>\n","protected":false},"excerpt":{"rendered":"<p>Interrup\u00e7\u00e3o A f\u00e1brica da Mercedes-Benz em Juiz de Fora atendeu ao chamado para ficar em casa e, interrompeu as medidas de preven\u00e7\u00e3o \u00e0 Covid-19 adotadas pela montadora e abrange as demais unidades localizadas no Br asil. A expectativa \u00e9 que a rotina de trabalho seja retomada no dia 22 de abril. #AperteOPause Em boa hora, [&hellip;]<\/p>\n","protected":false},"author":96,"featured_media":157306,"comment_status":"closed","ping_status":"closed","sticky":false,"template":"","format":"standard","meta":{"footnotes":""},"categories":[264],"tags":[],"class_list":["post-157316","post","type-post","status-publish","format-standard","has-post-thumbnail","hentry","category-eduardo-gomes"],"_links":{"self":[{"href":"https:\/\/diarioregionaldigital.com.br\/index.php?rest_route=\/wp\/v2\/posts\/157316","targetHints":{"allow":["GET"]}}],"collection":[{"href":"https:\/\/diarioregionaldigital.com.br\/index.php?rest_route=\/wp\/v2\/posts"}],"about":[{"href":"https:\/\/diarioregionaldigital.com.br\/index.php?rest_route=\/wp\/v2\/types\/post"}],"author":[{"embeddable":true,"href":"https:\/\/diarioregionaldigital.com.br\/index.php?rest_route=\/wp\/v2\/users\/96"}],"replies":[{"embeddable":true,"href":"https:\/\/diarioregionaldigital.com.br\/index.php?rest_route=%2Fwp%2Fv2%2Fcomments&post=157316"}],"version-history":[{"count":0,"href":"https:\/\/diarioregionaldigital.com.br\/index.php?rest_route=\/wp\/v2\/posts\/157316\/revisions"}],"wp:featuredmedia":[{"embeddable":true,"href":"https:\/\/diarioregionaldigital.com.br\/index.php?rest_route=\/wp\/v2\/media\/157306"}],"wp:attachment":[{"href":"https:\/\/diarioregionaldigital.com.br\/index.php?rest_route=%2Fwp%2Fv2%2Fmedia&parent=157316"}],"wp:term":[{"taxonomy":"category","embeddable":true,"href":"https:\/\/diarioregionaldigital.com.br\/index.php?rest_route=%2Fwp%2Fv2%2Fcategories&post=157316"},{"taxonomy":"post_tag","embeddable":true,"href":"https:\/\/diarioregionaldigital.com.br\/index.php?rest_route=%2Fwp%2Fv2%2Ftags&post=157316"}],"curies":[{"name":"wp","href":"https:\/\/api.w.org\/{rel}","templated":true}]}}