{"id":157302,"date":"2020-03-24T17:13:57","date_gmt":"2020-03-24T20:13:57","guid":{"rendered":"https:\/\/diarioregionaldigital.com.br\/?p=157302"},"modified":"2020-03-24T17:13:57","modified_gmt":"2020-03-24T20:13:57","slug":"juiz-de-fora-tem-aumento-de-casos-suspeitos-do-coronavirus","status":"publish","type":"post","link":"https:\/\/diarioregionaldigital.com.br\/?p=157302","title":{"rendered":"Juiz de Fora tem aumento de casos suspeitos do Coronav\u00edrus"},"content":{"rendered":"<p><span style=\"font-weight: 400;\">A Secretaria de Estado da Sa\u00fade de Minas Gerais (SES-MG), divulgou na tarde dessa ter\u00e7a-feira (24), o boletim atualizado referente \u00e0 epidemia do Coronav\u00edrus. Segundo o levantamento, a cidade de Juiz de Fora obteve aumento no n\u00famero de casos suspeitos da doen\u00e7a, de 63 para 115.\u00a0<\/span><\/p>\n<p><span style=\"font-weight: 400;\">Conforme os dados, o n\u00famero de pacientes diagnosticados com Covid-19 permanece em 8 casos e 4 foram descartados. At\u00e9 o momento foram registrados 127 notifica\u00e7\u00f5es.<\/span><\/p>\n<p><span style=\"font-weight: 400;\">Ainda de acordo com o levantamento, a maioria dos casos notificados agora s\u00e3o do sexo feminino, o \u00edndice subiu para 55,5%. O \u00faltimo boletim registrou 49,5%. Quanto ao sexo masculino, os dados apontam queda para 44,3% dos casos notificados. No \u00faltimo informe o \u00edndice era de 50,6%.<\/span><\/p>\n<p><span style=\"font-weight: 400;\">Pelo estado de Minas Gerais, o n\u00famero de casos suspeitos cresceu de 8.149 para 12 mil. O \u00edndice de pacientes diagnosticados com a doen\u00e7a subiu de 128 para 130. J\u00e1 o levantamento para casos descartados aumentou de 255 para 279. At\u00e9 ent\u00e3o, n\u00e3o houve confirma\u00e7\u00e3o de \u00f3bitos.<\/span><\/p>\n<p><span style=\"font-weight: 400;\">Os casos foram confirmados nas cidades de Belo Horizonte (87), Betim (1), Bom Despacho (1), Campos Altos (1), Contagem (2), Coronel Fabriciano (1), Divin\u00f3polis (1), Ipatinga (1), Juiz de Fora (8), Lagoa da Prata (1), Mariana (2), Nova Lima (7), Patroc\u00ednio (1), Po\u00e7os de Caldas (2), Sete Lagoas (2), Tim\u00f3teo (1), Uberaba (3), Uberl\u00e2ndia (6) e outros munic\u00edpios em investiga\u00e7\u00e3o (2).<\/span><\/p>\n","protected":false},"excerpt":{"rendered":"<p>A Secretaria de Estado da Sa\u00fade de Minas Gerais (SES-MG), divulgou na tarde dessa ter\u00e7a-feira (24), o boletim atualizado referente \u00e0 epidemia do Coronav\u00edrus. Segundo o levantamento, a cidade de Juiz de Fora obteve aumento no n\u00famero de casos suspeitos da doen\u00e7a, de 63 para 115.\u00a0 Conforme os dados, o n\u00famero de pacientes diagnosticados com [&hellip;]<\/p>\n","protected":false},"author":96,"featured_media":157303,"comment_status":"closed","ping_status":"closed","sticky":false,"template":"","format":"standard","meta":{"footnotes":""},"categories":[253,436,440,439],"tags":[],"class_list":["post-157302","post","type-post","status-publish","format-standard","has-post-thumbnail","hentry","category-cidade","category-destaque-da-semana","category-destaques-do-dia","category-ultima-hora"],"_links":{"self":[{"href":"https:\/\/diarioregionaldigital.com.br\/index.php?rest_route=\/wp\/v2\/posts\/157302","targetHints":{"allow":["GET"]}}],"collection":[{"href":"https:\/\/diarioregionaldigital.com.br\/index.php?rest_route=\/wp\/v2\/posts"}],"about":[{"href":"https:\/\/diarioregionaldigital.com.br\/index.php?rest_route=\/wp\/v2\/types\/post"}],"author":[{"embeddable":true,"href":"https:\/\/diarioregionaldigital.com.br\/index.php?rest_route=\/wp\/v2\/users\/96"}],"replies":[{"embeddable":true,"href":"https:\/\/diarioregionaldigital.com.br\/index.php?rest_route=%2Fwp%2Fv2%2Fcomments&post=157302"}],"version-history":[{"count":0,"href":"https:\/\/diarioregionaldigital.com.br\/index.php?rest_route=\/wp\/v2\/posts\/157302\/revisions"}],"wp:featuredmedia":[{"embeddable":true,"href":"https:\/\/diarioregionaldigital.com.br\/index.php?rest_route=\/wp\/v2\/media\/157303"}],"wp:attachment":[{"href":"https:\/\/diarioregionaldigital.com.br\/index.php?rest_route=%2Fwp%2Fv2%2Fmedia&parent=157302"}],"wp:term":[{"taxonomy":"category","embeddable":true,"href":"https:\/\/diarioregionaldigital.com.br\/index.php?rest_route=%2Fwp%2Fv2%2Fcategories&post=157302"},{"taxonomy":"post_tag","embeddable":true,"href":"https:\/\/diarioregionaldigital.com.br\/index.php?rest_route=%2Fwp%2Fv2%2Ftags&post=157302"}],"curies":[{"name":"wp","href":"https:\/\/api.w.org\/{rel}","templated":true}]}}