{"id":157296,"date":"2020-03-24T14:56:27","date_gmt":"2020-03-24T17:56:27","guid":{"rendered":"https:\/\/diarioregionaldigital.com.br\/?p=157296"},"modified":"2020-03-24T14:56:27","modified_gmt":"2020-03-24T17:56:27","slug":"coi-anuncia-adiamento-das-olimpiadas-e-paralimpiadas","status":"publish","type":"post","link":"https:\/\/diarioregionaldigital.com.br\/?p=157296","title":{"rendered":"COI anuncia adiamento das Olimp\u00edadas e Paralimp\u00edadas"},"content":{"rendered":"<p>O Presidente do Comit\u00ea Ol\u00edmpico Internacional (COI), Thomas Bach, anunciou junto com o Primeiro Ministro do Jap\u00e3o, Shinzo Abe, o adiamento dos Jogos Ol\u00edmpicos de T\u00f3quio 2020 e tamb\u00e9m as Paralimp\u00edadas. Os dois eventos ser\u00e3o realizados em 2021. Nessa segunda-feira (23), o comit\u00ea organizador, j\u00e1 havia antecipado a possibilidade do adiamento dos jogos.<\/p>\n<p>Apesar da altera\u00e7\u00e3o das datas para a realiza\u00e7\u00e3o das Olimp\u00edadas, o pa\u00eds-sede ser\u00e1 mantido, conforme o comunicado oficial divulgado pelo COI e o comit\u00ea organizador;<\/p>\n<p>\u201cO presidente do COI e o primeiro-ministro do Jap\u00e3o conclu\u00edram que os Jogos &#8230; devem ser remarcados para uma data posterior a 2020, mas o mais tardar no ver\u00e3o de 2021, para proteger a sa\u00fade dos atletas, todos envolvidos nos Jogos Ol\u00edmpicos e no mundo. comunidade &#8220;.<\/p>\n<p>O or\u00e7amento de todos os Jogos ter\u00e1 de ser revisto. O contrato com algumas das sedes esportivas tamb\u00e9m passar\u00e1 por uma renegocia\u00e7\u00e3o. H\u00e1 ainda a preocupa\u00e7\u00e3o sobre como ficar\u00e1 a quest\u00e3o dos ingressos e devolu\u00e7\u00e3o de dinheiro para quem n\u00e3o quiser mais ir aos Jogos. O evento, ainda que possa ser adiado para 2021, permanecer\u00e1 com o mesmo nome: T\u00f3quio 2020.<\/p>\n<p>&nbsp;<\/p>\n<p><strong>Confira o comunicado completo:<\/strong><\/p>\n<p><em>&#8220;O presidente do Comit\u00ea Ol\u00edmpico Internacional (COI), Thomas Bach, e o primeiro-ministro do Jap\u00e3o, Shinzo Abe, realizaram uma confer\u00eancia por telefone nesta manh\u00e3 para discutir o ambiente de constantes mudan\u00e7as com rela\u00e7\u00e3o ao Covid-19 e as Olimp\u00edadas de T\u00f3quio de 2020.<\/em><\/p>\n<p><em>Estiveram juntos ainda Mori Yoshiro, presidente do Comit\u00ea Organizador de T\u00f3quio 2020; o ministro ol\u00edmpico, Hashimoto Seiko; o governador de T\u00f3quio, Koike Yuriko; o presidente da Comiss\u00e3o de Coordena\u00e7\u00e3o do COI, John Coates; Diretor Geral do COI, Christophe De Kepper; e o diretor executivo dos Jogos Ol\u00edmpicos do COI, Christophe Dubi.<\/em><\/p>\n<p><em>Bach e Abe expressaram sua preocupa\u00e7\u00e3o em comum com a pandemia mundial do Covid-19 e o que isso est\u00e1 fazendo na vida das pessoas e com o impacto significativo que est\u00e1 causando nos preparativos dos atletas em todo o mundo para os Jogos.<\/em><\/p>\n<p><em>Em uma reuni\u00e3o muito amig\u00e1vel e construtiva, os dois l\u00edderes elogiaram o trabalho do Comit\u00ea Organizador de T\u00f3quio 2020 e observaram o grande progresso que est\u00e1 sendo feito no Jap\u00e3o para lutar contra o Covid-19.<\/em><\/p>\n<p><em>O presidente do Comit\u00ea Ol\u00edmpico Internacional (COI), Thomas Bach, e o primeiro-ministro do Jap\u00e3o, Shinzo Abe, realizaram uma confer\u00eancia por telefone nesta manh\u00e3 para discutir o ambiente de constantes mudan\u00e7as com rela\u00e7\u00e3o ao Covid-19 e as Olimp\u00edadas de T\u00f3quio de 2020.<\/em><\/p>\n<p><em>Estiveram juntos ainda Mori Yoshiro, presidente do Comit\u00ea Organizador de T\u00f3quio 2020; o ministro ol\u00edmpico, Hashimoto Seiko; o governador de T\u00f3quio, Koike Yuriko; o presidente da Comiss\u00e3o de Coordena\u00e7\u00e3o do COI, John Coates; Diretor Geral do COI, Christophe De Kepper; e o diretor executivo dos Jogos Ol\u00edmpicos do COI, Christophe Dubi.<\/em><\/p>\n<p><em>Bach e Abe expressaram sua preocupa\u00e7\u00e3o em comum com a pandemia mundial do Covid-19 e o que isso est\u00e1 fazendo na vida das pessoas e com o impacto significativo que est\u00e1 causando nos preparativos dos atletas em todo o mundo para os Jogos.<\/em><\/p>\n<p><em>Em uma reuni\u00e3o muito amig\u00e1vel e construtiva, os dois l\u00edderes elogiaram o trabalho do Comit\u00ea Organizador de T\u00f3quio 2020 e observaram o grande progresso que est\u00e1 sendo feito no Jap\u00e3o para lutar contra o Covid-19.<\/em><\/p>\n<p><em>A propaga\u00e7\u00e3o sem precedentes e imprevis\u00edvel do surto viu a situa\u00e7\u00e3o no resto do mundo se deteriorar. Ontem, o diretor-geral da Organiza\u00e7\u00e3o Mundial da Sa\u00fade (OMS), Tedros Adhanom Ghebreyesus, disse que a pandemia do COVID-19 est\u00e1 &#8220;acelerando&#8221;. Atualmente, existem mais de 375.000 casos registrados em todo o mundo e em quase todos os pa\u00edses, e seu n\u00famero est\u00e1 aumentando a cada hora.<\/em><\/p>\n<p><em>Nas atuais circunst\u00e2ncias, e com base nas informa\u00e7\u00f5es fornecidas hoje pela OMS, o Presidente do COI e o Primeiro-Ministro do Jap\u00e3o conclu\u00edram que as Olimp\u00edadas de T\u00f3quio devem ser remarcadas para uma data posterior a 2020, mas n\u00e3o depois do ver\u00e3o de 2021, para proteger a sa\u00fade dos atletas, todos os envolvidos nos Jogos Ol\u00edmpicos e a comunidade internacional.<\/em><\/p>\n<p><em>\u00a0<\/em><em>Os l\u00edderes concordaram que os Jogos Ol\u00edmpicos de T\u00f3quio poderiam ser um farol de esperan\u00e7a para o mundo durante esses tempos dif\u00edceis e que a chama ol\u00edmpica poderia se tornar a luz no fim do t\u00fanel em que o mundo se encontra atualmente. Portanto, foi acordado que a chama ol\u00edmpica permanecer\u00e1 no Jap\u00e3o. Tamb\u00e9m foi acordado que os Jogos manter\u00e3o o nome de Jogos Ol\u00edmpicos e Paral\u00edmpicos T\u00f3quio 2020&#8243;.<\/em><\/p>\n<p><em>\u00a0<\/em><\/p>\n<p><strong>Decis\u00f5es de outras delega\u00e7\u00f5es<\/strong><\/p>\n<p><strong>\u00a0<\/strong>Nesse domingo (22), a delega\u00e7\u00e3o do Canad\u00e1 havia anunciado que n\u00e3o iria participar dos Jogos Ol\u00edmpicos, caso n\u00e3o fossem adiados para 2021. Com o an\u00fancio feito pelo COI, o Canad\u00e1 estar\u00e1 presente na disputa.<\/p>\n<p>Outras delega\u00e7\u00f5es tamb\u00e9m demonstraram preocupa\u00e7\u00f5es quanto \u00e0 realiza\u00e7\u00e3o dos jogos para este ano. Nessa segunda-feira (23), a delega\u00e7\u00e3o da Noruega anunciou boicote \u00e0s Olimp\u00edadas, caso os jogos n\u00e3o fossem adiados.<\/p>\n<p>J\u00e1 a Austr\u00e1lia havia pedido para que seus atletas se preparassem para disputar os jogos, caso fossem realizados em 2021. O Brasil refor\u00e7ou o grupo de pa\u00edses que pediram o adiamento dos Jogos, mas n\u00e3o falou em boicote caso o COI mantivesse a programa\u00e7\u00e3o inicial.<\/p>\n<p>&nbsp;<\/p>\n<p><strong>Edi\u00e7\u00f5es n\u00e3o realizadas<\/strong><\/p>\n<p>Durante os seus 124 anos de exist\u00eancia, os Jogos Ol\u00edmpicos foram adiados ou cancelados, em tr\u00eas oportunidades. Em todas o motivo foi por causa da I e II Guerra Mundial. Nestas ocasi\u00f5es, as sedes eram Berlim 1916, Jap\u00e3o 1940 e Londres 1944.<\/p>\n<p>&nbsp;<\/p>\n<p>&nbsp;<\/p>\n<p>&nbsp;<\/p>\n","protected":false},"excerpt":{"rendered":"<p>O Presidente do Comit\u00ea Ol\u00edmpico Internacional (COI), Thomas Bach, anunciou junto com o Primeiro Ministro do Jap\u00e3o, Shinzo Abe, o adiamento dos Jogos Ol\u00edmpicos de T\u00f3quio 2020 e tamb\u00e9m as Paralimp\u00edadas. Os dois eventos ser\u00e3o realizados em 2021. Nessa segunda-feira (23), o comit\u00ea organizador, j\u00e1 havia antecipado a possibilidade do adiamento dos jogos. Apesar da [&hellip;]<\/p>\n","protected":false},"author":96,"featured_media":157297,"comment_status":"closed","ping_status":"closed","sticky":false,"template":"","format":"standard","meta":{"footnotes":""},"categories":[436,257,439],"tags":[],"class_list":["post-157296","post","type-post","status-publish","format-standard","has-post-thumbnail","hentry","category-destaque-da-semana","category-esporte","category-ultima-hora"],"_links":{"self":[{"href":"https:\/\/diarioregionaldigital.com.br\/index.php?rest_route=\/wp\/v2\/posts\/157296","targetHints":{"allow":["GET"]}}],"collection":[{"href":"https:\/\/diarioregionaldigital.com.br\/index.php?rest_route=\/wp\/v2\/posts"}],"about":[{"href":"https:\/\/diarioregionaldigital.com.br\/index.php?rest_route=\/wp\/v2\/types\/post"}],"author":[{"embeddable":true,"href":"https:\/\/diarioregionaldigital.com.br\/index.php?rest_route=\/wp\/v2\/users\/96"}],"replies":[{"embeddable":true,"href":"https:\/\/diarioregionaldigital.com.br\/index.php?rest_route=%2Fwp%2Fv2%2Fcomments&post=157296"}],"version-history":[{"count":0,"href":"https:\/\/diarioregionaldigital.com.br\/index.php?rest_route=\/wp\/v2\/posts\/157296\/revisions"}],"wp:featuredmedia":[{"embeddable":true,"href":"https:\/\/diarioregionaldigital.com.br\/index.php?rest_route=\/wp\/v2\/media\/157297"}],"wp:attachment":[{"href":"https:\/\/diarioregionaldigital.com.br\/index.php?rest_route=%2Fwp%2Fv2%2Fmedia&parent=157296"}],"wp:term":[{"taxonomy":"category","embeddable":true,"href":"https:\/\/diarioregionaldigital.com.br\/index.php?rest_route=%2Fwp%2Fv2%2Fcategories&post=157296"},{"taxonomy":"post_tag","embeddable":true,"href":"https:\/\/diarioregionaldigital.com.br\/index.php?rest_route=%2Fwp%2Fv2%2Ftags&post=157296"}],"curies":[{"name":"wp","href":"https:\/\/api.w.org\/{rel}","templated":true}]}}