{"id":157285,"date":"2020-03-24T14:47:01","date_gmt":"2020-03-24T17:47:01","guid":{"rendered":"https:\/\/diarioregionaldigital.com.br\/?p=157285"},"modified":"2020-03-24T14:47:01","modified_gmt":"2020-03-24T17:47:01","slug":"jovem-morre-em-escadao-no-bairro-vila-olavo-costa","status":"publish","type":"post","link":"https:\/\/diarioregionaldigital.com.br\/?p=157285","title":{"rendered":"Jovem morre em escad\u00e3o no Bairro Vila Olavo Costa"},"content":{"rendered":"<p>Um jovem de 19 anos foi morto a tiros em um escad\u00e3o no Bairro Vila Olavo Costa (Regi\u00e3o Leste), na noite dessa segunda-feira (23) em Juiz de Fora. Segundo informa\u00e7\u00f5es da Pol\u00edcia Militar (PM), uma equipe realizava policiamento preventivo no Bairro Furtado de Menezes, quando os policiais foram informados sobre um poss\u00edvel homic\u00eddio na Vila Olavo Costa.<\/p>\n<p>A equipe da PM se deslocou at\u00e9 o local, com apoio de outros policiais militares, quando se depararam com uma grande aglomera\u00e7\u00e3o de pessoas apontando para o escad\u00e3o, onde a v\u00edtima estava ca\u00edda. Ao se aproximarem do jovem, os policiais notaram que o mesmo apresentava v\u00e1rios ferimentos causados por disparos de arma de fogo.<\/p>\n<p>O SAMU se deslocou at\u00e9 o local para prestar atendimentos ao jovem e o mesmo foi conduzido para o Hospital Pronto Socorro (HPS), no entanto a v\u00edtima chegou sem vida.<\/p>\n<p>A irm\u00e3 do jovem relatou \u00e0 PM, que os dois estavam na casa da av\u00f3, junto com outros familiares e em um determinado momento o jovem saiu para atender algu\u00e9m que o aguardava no escad\u00e3o, que dava acesso \u00e0 resid\u00eancia.<\/p>\n<p>Instantes depois, a irm\u00e3 escutou v\u00e1rios disparos semelhantes \u00e0 arma de fogo e ao abrir o port\u00e3o, viu seu irm\u00e3o correndo em dire\u00e7\u00e3o a uma via p\u00fablica e que estava sendo perseguido por dois indiv\u00edduos, sendo que um deles foi identificado.<\/p>\n<p>Segundo a testemunha, o irm\u00e3o cumpria senten\u00e7a criminal na Penitenci\u00e1ria Edson Cavalieri e havia sido liberado nessa segunda-feira (23), em virtude de um alvar\u00e1 de soltura e que o mesmo teria tido desaven\u00e7as no interior da institui\u00e7\u00e3o prisional.<\/p>\n<p>Ainda no local do crime, populares reconheceram o outro suspeito, mas temendo repres\u00e1lias, optaram por n\u00e3o dar muitas informa\u00e7\u00f5es.<\/p>\n<p>Segundo informa\u00e7\u00f5es da PM, a v\u00edtima \u00e9 conhecido no meio policial pelos crimes de: roubo, tr\u00e1fico de drogas, les\u00e3o corporal, amea\u00e7a, porte ilegal de arma branca, tentativa de furto, homic\u00eddio consumado e fuga.<\/p>\n<p>J\u00e1 o suspeito que efetuou o disparo, \u00e9 foragido da justi\u00e7a, conhecido no meio policial por les\u00e3o corporal, amea\u00e7a, posse ilegal de arma de fogo, roubo, homic\u00eddio e tr\u00e1fico de drogas.<\/p>\n<p>&nbsp;<\/p>\n","protected":false},"excerpt":{"rendered":"<p>Um jovem de 19 anos foi morto a tiros em um escad\u00e3o no Bairro Vila Olavo Costa (Regi\u00e3o Leste), na noite dessa segunda-feira (23) em Juiz de Fora. Segundo informa\u00e7\u00f5es da Pol\u00edcia Militar (PM), uma equipe realizava policiamento preventivo no Bairro Furtado de Menezes, quando os policiais foram informados sobre um poss\u00edvel homic\u00eddio na Vila [&hellip;]<\/p>\n","protected":false},"author":96,"featured_media":97342,"comment_status":"closed","ping_status":"closed","sticky":false,"template":"","format":"standard","meta":{"footnotes":""},"categories":[301,436,440,439],"tags":[],"class_list":["post-157285","post","type-post","status-publish","format-standard","has-post-thumbnail","hentry","category-artigos-policiais","category-destaque-da-semana","category-destaques-do-dia","category-ultima-hora"],"_links":{"self":[{"href":"https:\/\/diarioregionaldigital.com.br\/index.php?rest_route=\/wp\/v2\/posts\/157285","targetHints":{"allow":["GET"]}}],"collection":[{"href":"https:\/\/diarioregionaldigital.com.br\/index.php?rest_route=\/wp\/v2\/posts"}],"about":[{"href":"https:\/\/diarioregionaldigital.com.br\/index.php?rest_route=\/wp\/v2\/types\/post"}],"author":[{"embeddable":true,"href":"https:\/\/diarioregionaldigital.com.br\/index.php?rest_route=\/wp\/v2\/users\/96"}],"replies":[{"embeddable":true,"href":"https:\/\/diarioregionaldigital.com.br\/index.php?rest_route=%2Fwp%2Fv2%2Fcomments&post=157285"}],"version-history":[{"count":0,"href":"https:\/\/diarioregionaldigital.com.br\/index.php?rest_route=\/wp\/v2\/posts\/157285\/revisions"}],"wp:featuredmedia":[{"embeddable":true,"href":"https:\/\/diarioregionaldigital.com.br\/index.php?rest_route=\/wp\/v2\/media\/97342"}],"wp:attachment":[{"href":"https:\/\/diarioregionaldigital.com.br\/index.php?rest_route=%2Fwp%2Fv2%2Fmedia&parent=157285"}],"wp:term":[{"taxonomy":"category","embeddable":true,"href":"https:\/\/diarioregionaldigital.com.br\/index.php?rest_route=%2Fwp%2Fv2%2Fcategories&post=157285"},{"taxonomy":"post_tag","embeddable":true,"href":"https:\/\/diarioregionaldigital.com.br\/index.php?rest_route=%2Fwp%2Fv2%2Ftags&post=157285"}],"curies":[{"name":"wp","href":"https:\/\/api.w.org\/{rel}","templated":true}]}}