{"id":157262,"date":"2020-03-24T06:00:27","date_gmt":"2020-03-24T09:00:27","guid":{"rendered":"https:\/\/diarioregionaldigital.com.br\/?p=157262"},"modified":"2020-03-23T23:45:18","modified_gmt":"2020-03-24T02:45:18","slug":"elogios","status":"publish","type":"post","link":"https:\/\/diarioregionaldigital.com.br\/?p=157262","title":{"rendered":"Elogios"},"content":{"rendered":"<p style=\"text-align: center;\"><strong>Me Abana<\/strong><\/p>\n<p style=\"text-align: center;\">Bonita e elegante a arquiteta carioca Fl\u00e1via Curvello lan\u00e7ou lindos leques para decorar paredes. Para que a pe\u00e7a fique mais luxuosa, ela junta folhas de ouro, pedrarias, cristais, lantejoulas e canutilhos que d\u00e3o um ar moderno e lindo visual.<\/p>\n<p style=\"text-align: center;\"><strong>Arte Total<\/strong><\/p>\n<p style=\"text-align: center;\">Colocando todos os pinc\u00e9is no solvente, o artista pl\u00e1stico Petrillo ao lado de outros 30 artistas est\u00e3o revestindo as paredes do Espa\u00e7o Cultural Correios em Niter\u00f3i (RJ), com a bel\u00edssima exposi\u00e7\u00e3o \u201cDez ao cubo \u2013 lugar de afeto\u201d.<\/p>\n<p style=\"text-align: center;\"><strong>Sucesso<\/strong><\/p>\n<p style=\"text-align: center;\">Elegante e disciplinada, a fonoaudi\u00f3loga Renata Jacob Daniel Salom\u00e3o de Campos defendeu tese de doutorado na UFJF, sobre o tema \u201cInflu\u00eancia da cres\u00e7as religiosas\/espirituais na remiss\u00e3o\u201d.<\/p>\n<p style=\"text-align: center;\"><strong>Elogios<\/strong><\/p>\n<p style=\"text-align: center;\">O artista pl\u00e1stico Carlos Bracher est\u00e1 participando de exposi\u00e7\u00e3o internacional em homenagem aos 60 anos de Bras\u00edlia com dois quadros da s\u00e9rie dedica\u00e7\u00e3o \u00e0 capital federal. Os belos quadros com o Congresso Nacional e Catedral de Bras\u00edlia est\u00e3o retratados lindamente e passaram a integrar a exposi\u00e7\u00e3o a partir da Inglaterra e Roma antes de chegar \u00e0 capital federal em abril.<\/p>\n<p style=\"text-align: center;\"><span style=\"font-size: 14pt;\"><strong>Para Refletir<\/strong><\/span><\/p>\n<p style=\"text-align: center;\">\u201cEmpreender \u00e9 uma op\u00e7\u00e3o quando se tem suporte, reservas e uma boa rede de contatos. Para quem est\u00e1 sempre come\u00e7ando do zero, \u00e9 uma ilus\u00e3o.\u201d Tome nota!<\/p>\n<div id=\"attachment_157252\" style=\"width: 690px\" class=\"wp-caption aligncenter\"><img loading=\"lazy\" decoding=\"async\" aria-describedby=\"caption-attachment-157252\" class=\"wp-image-157252\" src=\"https:\/\/diarioregionaldigital.com.br\/wp-content\/uploads\/fotoa-42-e1585012998561.jpg\" alt=\"\" width=\"680\" height=\"517\" srcset=\"https:\/\/diarioregionaldigital.com.br\/wp-content\/uploads\/fotoa-42-e1585012998561.jpg 1599w, https:\/\/diarioregionaldigital.com.br\/wp-content\/uploads\/fotoa-42-e1585012998561-300x228.jpg 300w, https:\/\/diarioregionaldigital.com.br\/wp-content\/uploads\/fotoa-42-e1585012998561-768x584.jpg 768w, https:\/\/diarioregionaldigital.com.br\/wp-content\/uploads\/fotoa-42-e1585012998561-1024x778.jpg 1024w, https:\/\/diarioregionaldigital.com.br\/wp-content\/uploads\/fotoa-42-e1585012998561-360x274.jpg 360w\" sizes=\"auto, (max-width: 680px) 100vw, 680px\" \/><p id=\"caption-attachment-157252\" class=\"wp-caption-text\">Real\u00e7ando eleg\u00e2ncia no Espa\u00e7o Sirena, o professor Thenner Freitas e o arquiteto Alberto Mendes Ribeiro<\/p><\/div>\n<div id=\"attachment_157253\" style=\"width: 690px\" class=\"wp-caption aligncenter\"><img loading=\"lazy\" decoding=\"async\" aria-describedby=\"caption-attachment-157253\" class=\"wp-image-157253\" src=\"https:\/\/diarioregionaldigital.com.br\/wp-content\/uploads\/fotob-46-e1585013024521.jpg\" alt=\"\" width=\"680\" height=\"568\" srcset=\"https:\/\/diarioregionaldigital.com.br\/wp-content\/uploads\/fotob-46-e1585013024521.jpg 1700w, https:\/\/diarioregionaldigital.com.br\/wp-content\/uploads\/fotob-46-e1585013024521-300x251.jpg 300w, https:\/\/diarioregionaldigital.com.br\/wp-content\/uploads\/fotob-46-e1585013024521-768x642.jpg 768w, https:\/\/diarioregionaldigital.com.br\/wp-content\/uploads\/fotob-46-e1585013024521-1024x856.jpg 1024w, https:\/\/diarioregionaldigital.com.br\/wp-content\/uploads\/fotob-46-e1585013024521-360x301.jpg 360w\" sizes=\"auto, (max-width: 680px) 100vw, 680px\" \/><p id=\"caption-attachment-157253\" class=\"wp-caption-text\">O cantor de astros e estrelas Wagner Vaccari festejou anivers\u00e1rio no Rocket e posou com o coiffeur Rosenberg Frizeiro<\/p><\/div>\n<div id=\"attachment_157254\" style=\"width: 690px\" class=\"wp-caption aligncenter\"><img loading=\"lazy\" decoding=\"async\" aria-describedby=\"caption-attachment-157254\" class=\"wp-image-157254\" src=\"https:\/\/diarioregionaldigital.com.br\/wp-content\/uploads\/fotoc-43-e1585013061429.jpg\" alt=\"\" width=\"680\" height=\"508\" srcset=\"https:\/\/diarioregionaldigital.com.br\/wp-content\/uploads\/fotoc-43-e1585013061429.jpg 1582w, https:\/\/diarioregionaldigital.com.br\/wp-content\/uploads\/fotoc-43-e1585013061429-300x224.jpg 300w, https:\/\/diarioregionaldigital.com.br\/wp-content\/uploads\/fotoc-43-e1585013061429-768x574.jpg 768w, https:\/\/diarioregionaldigital.com.br\/wp-content\/uploads\/fotoc-43-e1585013061429-1024x766.jpg 1024w, https:\/\/diarioregionaldigital.com.br\/wp-content\/uploads\/fotoc-43-e1585013061429-360x269.jpg 360w\" sizes=\"auto, (max-width: 680px) 100vw, 680px\" \/><p id=\"caption-attachment-157254\" class=\"wp-caption-text\">O modelo e estudante de Engenharia, em close com Eduardo Gomes em coquetel estrelado na M.Marques<\/p><\/div>\n<div id=\"attachment_157255\" style=\"width: 690px\" class=\"wp-caption aligncenter\"><img loading=\"lazy\" decoding=\"async\" aria-describedby=\"caption-attachment-157255\" class=\"wp-image-157255\" src=\"https:\/\/diarioregionaldigital.com.br\/wp-content\/uploads\/fotod-42-e1585013449831.jpg\" alt=\"\" width=\"680\" height=\"473\" srcset=\"https:\/\/diarioregionaldigital.com.br\/wp-content\/uploads\/fotod-42-e1585013449831.jpg 2449w, https:\/\/diarioregionaldigital.com.br\/wp-content\/uploads\/fotod-42-e1585013449831-300x210.jpg 300w, https:\/\/diarioregionaldigital.com.br\/wp-content\/uploads\/fotod-42-e1585013449831-768x534.jpg 768w, https:\/\/diarioregionaldigital.com.br\/wp-content\/uploads\/fotod-42-e1585013449831-1024x712.jpg 1024w, https:\/\/diarioregionaldigital.com.br\/wp-content\/uploads\/fotod-42-e1585013449831-360x250.jpg 360w, https:\/\/diarioregionaldigital.com.br\/wp-content\/uploads\/fotod-42-e1585013449831-100x70.jpg 100w\" sizes=\"auto, (max-width: 680px) 100vw, 680px\" \/><p id=\"caption-attachment-157255\" class=\"wp-caption-text\">Em cena social no Trade Hotel, Eduardo Brigolini, Andrea Ottoni e M\u00e1rcia Neves<\/p><\/div>\n<div id=\"attachment_157256\" style=\"width: 690px\" class=\"wp-caption aligncenter\"><img loading=\"lazy\" decoding=\"async\" aria-describedby=\"caption-attachment-157256\" class=\"wp-image-157256\" src=\"https:\/\/diarioregionaldigital.com.br\/wp-content\/uploads\/fotoe-40-e1585013750660.jpg\" alt=\"\" width=\"680\" height=\"525\" srcset=\"https:\/\/diarioregionaldigital.com.br\/wp-content\/uploads\/fotoe-40-e1585013750660.jpg 1740w, https:\/\/diarioregionaldigital.com.br\/wp-content\/uploads\/fotoe-40-e1585013750660-300x232.jpg 300w, https:\/\/diarioregionaldigital.com.br\/wp-content\/uploads\/fotoe-40-e1585013750660-768x593.jpg 768w, https:\/\/diarioregionaldigital.com.br\/wp-content\/uploads\/fotoe-40-e1585013750660-1024x790.jpg 1024w, https:\/\/diarioregionaldigital.com.br\/wp-content\/uploads\/fotoe-40-e1585013750660-360x278.jpg 360w\" sizes=\"auto, (max-width: 680px) 100vw, 680px\" \/><p id=\"caption-attachment-157256\" class=\"wp-caption-text\">No lan\u00e7amento da revista S&amp;M. no Trade Hotel, as panteras negras Vilma Nascimento e Ivanir Ferreira<\/p><\/div>\n<div id=\"attachment_157257\" style=\"width: 690px\" class=\"wp-caption aligncenter\"><img loading=\"lazy\" decoding=\"async\" aria-describedby=\"caption-attachment-157257\" class=\"wp-image-157257\" src=\"https:\/\/diarioregionaldigital.com.br\/wp-content\/uploads\/fotof-41-e1585013849846.jpg\" alt=\"\" width=\"680\" height=\"482\" srcset=\"https:\/\/diarioregionaldigital.com.br\/wp-content\/uploads\/fotof-41-e1585013849846.jpg 1738w, https:\/\/diarioregionaldigital.com.br\/wp-content\/uploads\/fotof-41-e1585013849846-300x213.jpg 300w, https:\/\/diarioregionaldigital.com.br\/wp-content\/uploads\/fotof-41-e1585013849846-768x544.jpg 768w, https:\/\/diarioregionaldigital.com.br\/wp-content\/uploads\/fotof-41-e1585013849846-1024x726.jpg 1024w, https:\/\/diarioregionaldigital.com.br\/wp-content\/uploads\/fotof-41-e1585013849846-750x530.jpg 750w, https:\/\/diarioregionaldigital.com.br\/wp-content\/uploads\/fotof-41-e1585013849846-360x255.jpg 360w, https:\/\/diarioregionaldigital.com.br\/wp-content\/uploads\/fotof-41-e1585013849846-100x70.jpg 100w\" sizes=\"auto, (max-width: 680px) 100vw, 680px\" \/><p id=\"caption-attachment-157257\" class=\"wp-caption-text\">Talentos do nova gera\u00e7\u00e3o: Carolina Gatto, Victor Alexsandre, Carol Werpel, Debora Lipp e Bruno Gabriel<\/p><\/div>\n<div id=\"attachment_157258\" style=\"width: 690px\" class=\"wp-caption aligncenter\"><img loading=\"lazy\" decoding=\"async\" aria-describedby=\"caption-attachment-157258\" class=\"wp-image-157258\" src=\"https:\/\/diarioregionaldigital.com.br\/wp-content\/uploads\/fotog-40-e1585014001351.jpg\" alt=\"\" width=\"680\" height=\"501\" srcset=\"https:\/\/diarioregionaldigital.com.br\/wp-content\/uploads\/fotog-40-e1585014001351.jpg 1786w, https:\/\/diarioregionaldigital.com.br\/wp-content\/uploads\/fotog-40-e1585014001351-300x221.jpg 300w, https:\/\/diarioregionaldigital.com.br\/wp-content\/uploads\/fotog-40-e1585014001351-768x566.jpg 768w, https:\/\/diarioregionaldigital.com.br\/wp-content\/uploads\/fotog-40-e1585014001351-1024x755.jpg 1024w, https:\/\/diarioregionaldigital.com.br\/wp-content\/uploads\/fotog-40-e1585014001351-360x265.jpg 360w\" sizes=\"auto, (max-width: 680px) 100vw, 680px\" \/><p id=\"caption-attachment-157258\" class=\"wp-caption-text\">Festejando anivers\u00e1rio no Salvaterra, o bonit\u00e3o J\u00fanio Martins<\/p><\/div>\n<div id=\"attachment_157259\" style=\"width: 690px\" class=\"wp-caption aligncenter\"><img loading=\"lazy\" decoding=\"async\" aria-describedby=\"caption-attachment-157259\" class=\"wp-image-157259\" src=\"https:\/\/diarioregionaldigital.com.br\/wp-content\/uploads\/fotoh-34-e1585014078996.jpg\" alt=\"\" width=\"680\" height=\"496\" srcset=\"https:\/\/diarioregionaldigital.com.br\/wp-content\/uploads\/fotoh-34-e1585014078996.jpg 1723w, https:\/\/diarioregionaldigital.com.br\/wp-content\/uploads\/fotoh-34-e1585014078996-300x219.jpg 300w, https:\/\/diarioregionaldigital.com.br\/wp-content\/uploads\/fotoh-34-e1585014078996-768x560.jpg 768w, https:\/\/diarioregionaldigital.com.br\/wp-content\/uploads\/fotoh-34-e1585014078996-1024x746.jpg 1024w, https:\/\/diarioregionaldigital.com.br\/wp-content\/uploads\/fotoh-34-e1585014078996-360x262.jpg 360w\" sizes=\"auto, (max-width: 680px) 100vw, 680px\" \/><p id=\"caption-attachment-157259\" class=\"wp-caption-text\">Elegantes em noite de samba no Restaurante Pal\u00e1cio, Leandra Guerra, Ros\u00e2ngela Marques e Neide Seixas<\/p><\/div>\n<div id=\"attachment_157260\" style=\"width: 690px\" class=\"wp-caption aligncenter\"><img loading=\"lazy\" decoding=\"async\" aria-describedby=\"caption-attachment-157260\" class=\"wp-image-157260\" src=\"https:\/\/diarioregionaldigital.com.br\/wp-content\/uploads\/fotoi-38-e1585014182420.jpg\" alt=\"\" width=\"680\" height=\"481\" srcset=\"https:\/\/diarioregionaldigital.com.br\/wp-content\/uploads\/fotoi-38-e1585014182420.jpg 1875w, https:\/\/diarioregionaldigital.com.br\/wp-content\/uploads\/fotoi-38-e1585014182420-300x212.jpg 300w, https:\/\/diarioregionaldigital.com.br\/wp-content\/uploads\/fotoi-38-e1585014182420-768x543.jpg 768w, https:\/\/diarioregionaldigital.com.br\/wp-content\/uploads\/fotoi-38-e1585014182420-1024x724.jpg 1024w, https:\/\/diarioregionaldigital.com.br\/wp-content\/uploads\/fotoi-38-e1585014182420-750x530.jpg 750w, https:\/\/diarioregionaldigital.com.br\/wp-content\/uploads\/fotoi-38-e1585014182420-360x254.jpg 360w, https:\/\/diarioregionaldigital.com.br\/wp-content\/uploads\/fotoi-38-e1585014182420-100x70.jpg 100w\" sizes=\"auto, (max-width: 680px) 100vw, 680px\" \/><p id=\"caption-attachment-157260\" class=\"wp-caption-text\">Na Associa\u00e7\u00e3o M\u00e3o Amiga no Ipiranga a not\u00e1vel Maria Aparecida Silva e o diretor do Sinteac S\u00e9rgio F\u00e9lix<\/p><\/div>\n<div id=\"attachment_157261\" style=\"width: 690px\" class=\"wp-caption aligncenter\"><img loading=\"lazy\" decoding=\"async\" aria-describedby=\"caption-attachment-157261\" class=\"wp-image-157261\" src=\"https:\/\/diarioregionaldigital.com.br\/wp-content\/uploads\/fotoj-28-e1585014313786.jpg\" alt=\"\" width=\"680\" height=\"494\" srcset=\"https:\/\/diarioregionaldigital.com.br\/wp-content\/uploads\/fotoj-28-e1585014313786.jpg 1638w, https:\/\/diarioregionaldigital.com.br\/wp-content\/uploads\/fotoj-28-e1585014313786-300x218.jpg 300w, https:\/\/diarioregionaldigital.com.br\/wp-content\/uploads\/fotoj-28-e1585014313786-768x558.jpg 768w, https:\/\/diarioregionaldigital.com.br\/wp-content\/uploads\/fotoj-28-e1585014313786-1024x744.jpg 1024w, https:\/\/diarioregionaldigital.com.br\/wp-content\/uploads\/fotoj-28-e1585014313786-360x262.jpg 360w\" sizes=\"auto, (max-width: 680px) 100vw, 680px\" \/><p id=\"caption-attachment-157261\" class=\"wp-caption-text\">Favoritos da nova gera\u00e7\u00e3o no Circulo Militar, Ot\u00e1vio Sobreiro, Ana Teresa Macedo, \u00c2ngela Caroline Macedo e Victor Fierro<\/p><\/div>\n<p style=\"text-align: center;\"><strong>FOTOSS\u00cdNTESE<\/strong><\/p>\n<p>Fazendo sucesso o Equilibrium \u2013 Espa\u00e7o Terap\u00eautico liderado por Fl\u00e1via Arag\u00e3o e Helen Cristina. Para relaxar os trabalhos em Reiki, Reflexologia, ThetaHealing, Pedras Quentes, Barras de Access, Massagem Ayurveda, Massagem Relaxante, Numerologia Quantica e Alinhamento dos Chakras. Fica na Rua: Oscar Vidal, n\u00ba 416 \u2013 sala 12. Para marcar: 98834-2836 (Fl\u00e1via) e 9912-2706 (Helen).<\/p>\n<p>Se o tempo permitir e o Coronav\u00edrus acalmar ser\u00e1 realizado no dia 18 de abril o Festival da Mata. Ser\u00e1 no Estacionamento do Cultural, as 17hs. No palco: Armandinho, Baiana System, Raimundos, Soul Rueiro, RT Mallone, Fogo no Baile e Laura Concei\u00e7\u00e3o.<\/p>\n<p>Com as \u00e1guas de mar\u00e7o fechando o ver\u00e3o, a turma de atores do Coletivo Oz\u00f4nio avisa que breve estar\u00e3o voltando. \u00c9 s\u00f3 a chuva passar.<\/p>\n<p>O requinte e a beleza dos m\u00f3veis Dubambu est\u00e3o presentes com estilo nos eventos realizados no Espa\u00e7o \u00c1gua Santa.<\/p>\n<p>Atualizando seu passaporte, o S\u00e3o Bartolomeu localizado na rua S\u00e3o Mateus, 41, lan\u00e7ou o p\u00e3o Bao! Um p\u00e3o de origem chinesa feito a base de farinha e fermento. S\u00e3o quatro vers\u00f5es em porco, frango, boi e vegano.<\/p>\n<p>O artista pl\u00e1stico e professor Gerson Guedes foi aplaudido ao final de sua palestra com tema \u201cJuiz de Fora \u2013 linhas e cores da hist\u00f3ria\u201d, realizado no audit\u00f3rio do Sesc.<\/p>\n<p>Muito festejada durante o Caf\u00e9 parlamentar realizado pela Associa\u00e7\u00e3o Comercial de Juiz de Fora a presen\u00e7a do colunista C\u00e9sar Romero, Hor\u00e1cio Moreira Dias, Jo\u00e3o Matos, deputados J\u00falio Delgado e Noraldino J\u00fanior, Guilherme Duarte, Rose Almeida, Victor Souza Gomes, reitor Marcus David e Leandra Guerra.<\/p>\n<p>Para dedicar: Saber falar com o sil\u00eancio e os olhos \u00e9 culpa das estrelas e para poucos. Bom dia!<\/p>\n<p><img loading=\"lazy\" decoding=\"async\" class=\"aligncenter size-full wp-image-157263\" src=\"https:\/\/diarioregionaldigital.com.br\/wp-content\/uploads\/anuncio77.jpg\" alt=\"\" width=\"3519\" height=\"1331\" srcset=\"https:\/\/diarioregionaldigital.com.br\/wp-content\/uploads\/anuncio77.jpg 3519w, https:\/\/diarioregionaldigital.com.br\/wp-content\/uploads\/anuncio77-300x113.jpg 300w, https:\/\/diarioregionaldigital.com.br\/wp-content\/uploads\/anuncio77-768x290.jpg 768w, https:\/\/diarioregionaldigital.com.br\/wp-content\/uploads\/anuncio77-1024x387.jpg 1024w, https:\/\/diarioregionaldigital.com.br\/wp-content\/uploads\/anuncio77-360x136.jpg 360w\" sizes=\"auto, (max-width: 3519px) 100vw, 3519px\" \/><\/p>\n","protected":false},"excerpt":{"rendered":"<p>Me Abana Bonita e elegante a arquiteta carioca Fl\u00e1via Curvello lan\u00e7ou lindos leques para decorar paredes. Para que a pe\u00e7a fique mais luxuosa, ela junta folhas de ouro, pedrarias, cristais, lantejoulas e canutilhos que d\u00e3o um ar moderno e lindo visual. Arte Total Colocando todos os pinc\u00e9is no solvente, o artista pl\u00e1stico Petrillo ao lado [&hellip;]<\/p>\n","protected":false},"author":96,"featured_media":157252,"comment_status":"closed","ping_status":"closed","sticky":false,"template":"","format":"standard","meta":{"footnotes":""},"categories":[264],"tags":[],"class_list":["post-157262","post","type-post","status-publish","format-standard","has-post-thumbnail","hentry","category-eduardo-gomes"],"_links":{"self":[{"href":"https:\/\/diarioregionaldigital.com.br\/index.php?rest_route=\/wp\/v2\/posts\/157262","targetHints":{"allow":["GET"]}}],"collection":[{"href":"https:\/\/diarioregionaldigital.com.br\/index.php?rest_route=\/wp\/v2\/posts"}],"about":[{"href":"https:\/\/diarioregionaldigital.com.br\/index.php?rest_route=\/wp\/v2\/types\/post"}],"author":[{"embeddable":true,"href":"https:\/\/diarioregionaldigital.com.br\/index.php?rest_route=\/wp\/v2\/users\/96"}],"replies":[{"embeddable":true,"href":"https:\/\/diarioregionaldigital.com.br\/index.php?rest_route=%2Fwp%2Fv2%2Fcomments&post=157262"}],"version-history":[{"count":0,"href":"https:\/\/diarioregionaldigital.com.br\/index.php?rest_route=\/wp\/v2\/posts\/157262\/revisions"}],"wp:featuredmedia":[{"embeddable":true,"href":"https:\/\/diarioregionaldigital.com.br\/index.php?rest_route=\/wp\/v2\/media\/157252"}],"wp:attachment":[{"href":"https:\/\/diarioregionaldigital.com.br\/index.php?rest_route=%2Fwp%2Fv2%2Fmedia&parent=157262"}],"wp:term":[{"taxonomy":"category","embeddable":true,"href":"https:\/\/diarioregionaldigital.com.br\/index.php?rest_route=%2Fwp%2Fv2%2Fcategories&post=157262"},{"taxonomy":"post_tag","embeddable":true,"href":"https:\/\/diarioregionaldigital.com.br\/index.php?rest_route=%2Fwp%2Fv2%2Ftags&post=157262"}],"curies":[{"name":"wp","href":"https:\/\/api.w.org\/{rel}","templated":true}]}}