{"id":157248,"date":"2020-03-23T19:36:58","date_gmt":"2020-03-23T22:36:58","guid":{"rendered":"https:\/\/diarioregionaldigital.com.br\/?p=157248"},"modified":"2020-03-23T19:36:58","modified_gmt":"2020-03-23T22:36:58","slug":"idoso-e-preso-por-porte-de-arma-no-santa-rita","status":"publish","type":"post","link":"https:\/\/diarioregionaldigital.com.br\/?p=157248","title":{"rendered":"Idoso \u00e9 preso por porte de arma no Santa Rita"},"content":{"rendered":"<p><span style=\"font-weight: 400;\">Um idoso de 60 anos foi preso nessa segunda-feira (23), por porte ilegal de 3 armas de fogo no Bairro Santa Rita (Regi\u00e3o Leste) em Juiz de Fora. Segundo informa\u00e7\u00f5es da Pol\u00edcia Militar (PM), o suspeito j\u00e1 era conhecido no meio policial, por caso de latroc\u00ednio.<\/span><\/p>\n<p><span style=\"font-weight: 400;\">O infrator foi localizado em sua resid\u00eancia e os policiais realizaram rastreamento pelo im\u00f3vel, onde foram encontrados um rev\u00f3lver, uma espingarda, uma garrucha, seis cartuchos e cinco muni\u00e7\u00f5es, todos calibre 32.<\/span><\/p>\n<p><span style=\"font-weight: 400;\">O suspeito foi preso e encaminhado para \u00e0 Delegacia, junto com os materiais apreendidos, para devidas provid\u00eancias.<\/span><\/p>\n","protected":false},"excerpt":{"rendered":"<p>Um idoso de 60 anos foi preso nessa segunda-feira (23), por porte ilegal de 3 armas de fogo no Bairro Santa Rita (Regi\u00e3o Leste) em Juiz de Fora. Segundo informa\u00e7\u00f5es da Pol\u00edcia Militar (PM), o suspeito j\u00e1 era conhecido no meio policial, por caso de latroc\u00ednio. O infrator foi localizado em sua resid\u00eancia e os [&hellip;]<\/p>\n","protected":false},"author":96,"featured_media":157249,"comment_status":"closed","ping_status":"closed","sticky":false,"template":"","format":"standard","meta":{"footnotes":""},"categories":[301,436,439],"tags":[],"class_list":["post-157248","post","type-post","status-publish","format-standard","has-post-thumbnail","hentry","category-artigos-policiais","category-destaque-da-semana","category-ultima-hora"],"_links":{"self":[{"href":"https:\/\/diarioregionaldigital.com.br\/index.php?rest_route=\/wp\/v2\/posts\/157248","targetHints":{"allow":["GET"]}}],"collection":[{"href":"https:\/\/diarioregionaldigital.com.br\/index.php?rest_route=\/wp\/v2\/posts"}],"about":[{"href":"https:\/\/diarioregionaldigital.com.br\/index.php?rest_route=\/wp\/v2\/types\/post"}],"author":[{"embeddable":true,"href":"https:\/\/diarioregionaldigital.com.br\/index.php?rest_route=\/wp\/v2\/users\/96"}],"replies":[{"embeddable":true,"href":"https:\/\/diarioregionaldigital.com.br\/index.php?rest_route=%2Fwp%2Fv2%2Fcomments&post=157248"}],"version-history":[{"count":0,"href":"https:\/\/diarioregionaldigital.com.br\/index.php?rest_route=\/wp\/v2\/posts\/157248\/revisions"}],"wp:featuredmedia":[{"embeddable":true,"href":"https:\/\/diarioregionaldigital.com.br\/index.php?rest_route=\/wp\/v2\/media\/157249"}],"wp:attachment":[{"href":"https:\/\/diarioregionaldigital.com.br\/index.php?rest_route=%2Fwp%2Fv2%2Fmedia&parent=157248"}],"wp:term":[{"taxonomy":"category","embeddable":true,"href":"https:\/\/diarioregionaldigital.com.br\/index.php?rest_route=%2Fwp%2Fv2%2Fcategories&post=157248"},{"taxonomy":"post_tag","embeddable":true,"href":"https:\/\/diarioregionaldigital.com.br\/index.php?rest_route=%2Fwp%2Fv2%2Ftags&post=157248"}],"curies":[{"name":"wp","href":"https:\/\/api.w.org\/{rel}","templated":true}]}}