{"id":157245,"date":"2020-03-23T19:15:06","date_gmt":"2020-03-23T22:15:06","guid":{"rendered":"https:\/\/diarioregionaldigital.com.br\/?p=157245"},"modified":"2020-03-23T19:15:06","modified_gmt":"2020-03-23T22:15:06","slug":"sobe-para-oito-casos-confirmados-do-covid-19-em-juiz-de-fora","status":"publish","type":"post","link":"https:\/\/diarioregionaldigital.com.br\/?p=157245","title":{"rendered":"Sobe para oito casos confirmados do Covid-19 em Juiz de Fora"},"content":{"rendered":"<p><span style=\"font-weight: 400;\">A Secretaria de Estado da Sa\u00fade de Minas Gerais (SES\/MG), divulgou nesta segunda-feira (23), o boletim atualizado dos casos de Coronav\u00edrus pelo estado. Segundo os dados, a cidade de Juiz de Fora passa a ter 8 casos confirmados da doen\u00e7a. No entanto, o boletim aponta que 63 casos s\u00e3o considerados suspeitos e 4 foram descartados.<\/span><\/p>\n<p><span style=\"font-weight: 400;\">Os dados apontam tamb\u00e9m que 50,6% dos casos notificados na cidade s\u00e3o do sexo masculino. Sendo a maioria composta por jovens de idade entre 20 e 29 anos. Conforme o boletim, 49,5% dos casos notificados s\u00e3o compostos pelo sexo feminino. A maioria das notifica\u00e7\u00f5es deste grupo, s\u00e3o de mulheres de idade entre 30 e 39 anos, representando 15,3% dos casos.<\/span><\/p>\n<p><span style=\"font-weight: 400;\">J\u00e1 no estado de Minas Gerais foram notificados 8.149 casos da doen\u00e7a, sendo que 7.766 s\u00e3o suspeitos, 128 est\u00e3o confirmados e 255 est\u00e3o descartados.<\/span><\/p>\n<p><span style=\"font-weight: 400;\">At\u00e9 o momento os casos foram confirmados nas cidades de Belo Horizonte (60), Betim (1), Bom Despacho (1), Campos Altos (1), Contagem (2), Coronel Fabriciano (1), Divin\u00f3polis (1), Ipatinga (1), Juiz de Fora (8), Lagoa da Prata (1), Mariana (2), Nova Lima (7), Patroc\u00ednio (1), Po\u00e7os de Caldas (2), Tim\u00f3teo (1), Uberaba (3) e Uberl\u00e2ndia (6). <\/span><\/p>\n<p>&nbsp;<\/p>\n","protected":false},"excerpt":{"rendered":"<p>A Secretaria de Estado da Sa\u00fade de Minas Gerais (SES\/MG), divulgou nesta segunda-feira (23), o boletim atualizado dos casos de Coronav\u00edrus pelo estado. Segundo os dados, a cidade de Juiz de Fora passa a ter 8 casos confirmados da doen\u00e7a. No entanto, o boletim aponta que 63 casos s\u00e3o considerados suspeitos e 4 foram descartados. [&hellip;]<\/p>\n","protected":false},"author":96,"featured_media":157246,"comment_status":"closed","ping_status":"closed","sticky":false,"template":"","format":"standard","meta":{"footnotes":""},"categories":[253,436,440,439],"tags":[],"class_list":["post-157245","post","type-post","status-publish","format-standard","has-post-thumbnail","hentry","category-cidade","category-destaque-da-semana","category-destaques-do-dia","category-ultima-hora"],"_links":{"self":[{"href":"https:\/\/diarioregionaldigital.com.br\/index.php?rest_route=\/wp\/v2\/posts\/157245","targetHints":{"allow":["GET"]}}],"collection":[{"href":"https:\/\/diarioregionaldigital.com.br\/index.php?rest_route=\/wp\/v2\/posts"}],"about":[{"href":"https:\/\/diarioregionaldigital.com.br\/index.php?rest_route=\/wp\/v2\/types\/post"}],"author":[{"embeddable":true,"href":"https:\/\/diarioregionaldigital.com.br\/index.php?rest_route=\/wp\/v2\/users\/96"}],"replies":[{"embeddable":true,"href":"https:\/\/diarioregionaldigital.com.br\/index.php?rest_route=%2Fwp%2Fv2%2Fcomments&post=157245"}],"version-history":[{"count":0,"href":"https:\/\/diarioregionaldigital.com.br\/index.php?rest_route=\/wp\/v2\/posts\/157245\/revisions"}],"wp:featuredmedia":[{"embeddable":true,"href":"https:\/\/diarioregionaldigital.com.br\/index.php?rest_route=\/wp\/v2\/media\/157246"}],"wp:attachment":[{"href":"https:\/\/diarioregionaldigital.com.br\/index.php?rest_route=%2Fwp%2Fv2%2Fmedia&parent=157245"}],"wp:term":[{"taxonomy":"category","embeddable":true,"href":"https:\/\/diarioregionaldigital.com.br\/index.php?rest_route=%2Fwp%2Fv2%2Fcategories&post=157245"},{"taxonomy":"post_tag","embeddable":true,"href":"https:\/\/diarioregionaldigital.com.br\/index.php?rest_route=%2Fwp%2Fv2%2Ftags&post=157245"}],"curies":[{"name":"wp","href":"https:\/\/api.w.org\/{rel}","templated":true}]}}