{"id":157242,"date":"2020-03-23T14:32:01","date_gmt":"2020-03-23T17:32:01","guid":{"rendered":"https:\/\/diarioregionaldigital.com.br\/?p=157242"},"modified":"2020-03-23T14:32:01","modified_gmt":"2020-03-23T17:32:01","slug":"comite-organizador-nega-cancelamento-dos-jogos-olimpicos","status":"publish","type":"post","link":"https:\/\/diarioregionaldigital.com.br\/?p=157242","title":{"rendered":"Comit\u00ea organizador nega cancelamento dos Jogos Ol\u00edmpicos"},"content":{"rendered":"<p>Com o avan\u00e7o da epidemia do Covid-19 em boa parte do mundo, o Comit\u00ea Organizador dos Jogos Ol\u00edmpicos de T\u00f3quio, junto com executivos, admitiram nesta segunda-feira (23), o adiamento para uma nova data de realiza\u00e7\u00e3o das Olimp\u00edadas, no entanto negaram qualquer possibilidade de cancelamento.<\/p>\n<p>Durante uma entrevista coletiva, o Presidente do Comit\u00ea Organizador, Yoshiro Mori, comentou sobre os pr\u00f3ximos passos a serem tomados, quanto \u00e0 realiza\u00e7\u00e3o dos jogos:<\/p>\n<p>&nbsp;<\/p>\n<p>&#8220;O adiamento n\u00e3o \u00e9 nosso primeiro curso de a\u00e7\u00e3o, mas tamb\u00e9m n\u00e3o podemos consider\u00e1-lo uma op\u00e7\u00e3o realista&#8221;, disse Mori em entrevista coletiva na segunda-feira, descartando a id\u00e9ia de cancelar o evento por completo\u201d comentou.<\/p>\n<p>&nbsp;<\/p>\n<p>O Presidente declarou que a situa\u00e7\u00e3o do Covid-19 no Jap\u00e3o foi estabilizada. No entanto as autoridades locais est\u00e3o em alerta sobre a situa\u00e7\u00e3o de outros pa\u00edses:<\/p>\n<p>&nbsp;<\/p>\n<p>\u201cN\u00e3o podemos deixar nossa guarda baixa sobre isso, especialmente porque nos Estados Unidos, Europa e novas \u00e1reas est\u00e3o sob situa\u00e7\u00f5es extremas agora. Entendemos isso, ouvimos muitas opini\u00f5es, de muitos pa\u00edses, sobre realizar os Jogos como planejado inicialmente. N\u00e3o somos tolos\u201d.<\/p>\n<p>&nbsp;<\/p>\n<p><strong>Delega\u00e7\u00f5es se retiram dos jogos<\/strong><\/p>\n<p><strong>\u00a0<\/strong>Nesse domingo (22), o Comit\u00ea Ol\u00edmpico do Canad\u00e1 (COC), anunciou a retirada de todos os atletas que disputariam as Olimp\u00edadas e as Paralimp\u00edadas, em decorr\u00eancia do Covid-19. Estes pedem que os jogos sejam realizados em 2021.<\/p>\n<p>No entanto os canadenses ganharam um aliado perante \u00e0 situa\u00e7\u00e3o. Nesta segunda-feira (23), a delega\u00e7\u00e3o da Noruega anunciou boicote \u00e0s Olimp\u00edadas, caso os jogos n\u00e3o sejam adiados. Ao contr\u00e1rio da delega\u00e7\u00e3o canadense, a Noruega considera enviar seus atletas para T\u00f3quio, mesmo que os jogos sejam realizados no fim deste ano.<\/p>\n<p>A Austr\u00e1lia j\u00e1 pediu aos seus atletas que se preparem para a Olimp\u00edada de 2021. O Brasil refor\u00e7o o grupo de pa\u00edses que pedem pelo adiamento dos Jogos, mas n\u00e3o fala em boicote caso o COI mantenha a programa\u00e7\u00e3o inicial, uma possibilidade cada vez mais improv\u00e1vel.<\/p>\n<p>&nbsp;<\/p>\n<p>&nbsp;<\/p>\n","protected":false},"excerpt":{"rendered":"<p>Com o avan\u00e7o da epidemia do Covid-19 em boa parte do mundo, o Comit\u00ea Organizador dos Jogos Ol\u00edmpicos de T\u00f3quio, junto com executivos, admitiram nesta segunda-feira (23), o adiamento para uma nova data de realiza\u00e7\u00e3o das Olimp\u00edadas, no entanto negaram qualquer possibilidade de cancelamento. Durante uma entrevista coletiva, o Presidente do Comit\u00ea Organizador, Yoshiro Mori, [&hellip;]<\/p>\n","protected":false},"author":96,"featured_media":157243,"comment_status":"closed","ping_status":"closed","sticky":false,"template":"","format":"standard","meta":{"footnotes":""},"categories":[436,257,439],"tags":[],"class_list":["post-157242","post","type-post","status-publish","format-standard","has-post-thumbnail","hentry","category-destaque-da-semana","category-esporte","category-ultima-hora"],"_links":{"self":[{"href":"https:\/\/diarioregionaldigital.com.br\/index.php?rest_route=\/wp\/v2\/posts\/157242","targetHints":{"allow":["GET"]}}],"collection":[{"href":"https:\/\/diarioregionaldigital.com.br\/index.php?rest_route=\/wp\/v2\/posts"}],"about":[{"href":"https:\/\/diarioregionaldigital.com.br\/index.php?rest_route=\/wp\/v2\/types\/post"}],"author":[{"embeddable":true,"href":"https:\/\/diarioregionaldigital.com.br\/index.php?rest_route=\/wp\/v2\/users\/96"}],"replies":[{"embeddable":true,"href":"https:\/\/diarioregionaldigital.com.br\/index.php?rest_route=%2Fwp%2Fv2%2Fcomments&post=157242"}],"version-history":[{"count":0,"href":"https:\/\/diarioregionaldigital.com.br\/index.php?rest_route=\/wp\/v2\/posts\/157242\/revisions"}],"wp:featuredmedia":[{"embeddable":true,"href":"https:\/\/diarioregionaldigital.com.br\/index.php?rest_route=\/wp\/v2\/media\/157243"}],"wp:attachment":[{"href":"https:\/\/diarioregionaldigital.com.br\/index.php?rest_route=%2Fwp%2Fv2%2Fmedia&parent=157242"}],"wp:term":[{"taxonomy":"category","embeddable":true,"href":"https:\/\/diarioregionaldigital.com.br\/index.php?rest_route=%2Fwp%2Fv2%2Fcategories&post=157242"},{"taxonomy":"post_tag","embeddable":true,"href":"https:\/\/diarioregionaldigital.com.br\/index.php?rest_route=%2Fwp%2Fv2%2Ftags&post=157242"}],"curies":[{"name":"wp","href":"https:\/\/api.w.org\/{rel}","templated":true}]}}