{"id":157239,"date":"2020-03-23T14:30:40","date_gmt":"2020-03-23T17:30:40","guid":{"rendered":"https:\/\/diarioregionaldigital.com.br\/?p=157239"},"modified":"2020-03-23T14:30:40","modified_gmt":"2020-03-23T17:30:40","slug":"f1-gp-do-azerbaijao-e-mais-uma-etapa-adiada","status":"publish","type":"post","link":"https:\/\/diarioregionaldigital.com.br\/?p=157239","title":{"rendered":"F1: GP do Azerbaij\u00e3o \u00e9 mais uma etapa adiada"},"content":{"rendered":"<p>Os dirigentes da F1 confirmaram nesta segunda-feira (23), o adiamento do Grande Pr\u00eamio do Azerbaij\u00e3o, o qual seria realizado no dia 7 de junho, em decorr\u00eancia da epidemia do Coronav\u00edrus. Esta \u00e9 a oitava prova que teve sua programa\u00e7\u00e3o afetada pela doen\u00e7a. As outras etapas afetadas s\u00e3o: Austr\u00e1lia, Bahrein, Vietn\u00e3, China, Holanda, Espanha e M\u00f4naco.<\/p>\n<p>Na \u00faltima semana a Federa\u00e7\u00e3o Internacional de Automobilismo (FIA), declarou que a temporada 2020 da F1 iria come\u00e7ar em junho. Com o cancelamento da etapa do Azerbaij\u00e3o, a corrida de abertura pode ser no Canad\u00e1, prevista para o dia 14 do mesmo m\u00eas.<\/p>\n<p>Em nota os dirigentes da principal categoria do automobilismo mundial, explicaram sobre o adiamento da prova do Azerbaij\u00e3o e tamb\u00e9m sobre uma nova data:<\/p>\n<p>&nbsp;<\/p>\n<p><em>&#8220;O adiamento foi acordado ap\u00f3s extensas discuss\u00f5es com a F\u00f3rmula 1, bem como a FIA e o Governo da Rep\u00fablica do Azerbaij\u00e3o. Isso \u00e9 resultado direto da pandemia global cont\u00ednua do Covid-19 e se baseou inteiramente nas orienta\u00e7\u00f5es de especialistas fornecidas pelas autoridades relevantes.<\/em><\/p>\n<p><em>\u00a0<\/em><\/p>\n<p><em>Todos os ingressos continuar\u00e3o v\u00e1lidos, sem nenhuma formalidade adicional. Assim que a nova data do GP for confirmada, todos os espectadores ser\u00e3o informados sobre as op\u00e7\u00f5es dispon\u00edveis, tanto para aqueles que compraram seus ingressos no site quanto por outros canais.&#8221;<\/em><\/p>\n<p><em>\u00a0<\/em><\/p>\n<p><strong>Reajustes do calend\u00e1rio<\/strong><\/p>\n<p><strong>\u00a0<\/strong>Na \u00faltima semana, as equipes da F1 se reuniram junto com os dirigentes da FIA, para decidir sobre reajustes do calend\u00e1rio da temporada, ap\u00f3s o cancelamento de certas etapas. Todos concordaram em fazer as altera\u00e7\u00f5es, sendo uma delas a antecipa\u00e7\u00e3o das f\u00e9rias de ver\u00e3o para o per\u00edodo entre mar\u00e7o e abril.<\/p>\n<p>&nbsp;<\/p>\n<p><strong>Linha do tempo<\/strong><\/p>\n<p>12\/02: uma reuni\u00e3o entre a FIA e os promotores do Grande Pr\u00eamio, com a Confedera\u00e7\u00e3o de Automobilismo da China e Administra\u00e7\u00e3o de Esportes de Xangai, concordaram em adiar o Grande Pr\u00eamio da China em decorr\u00eancia do Covid-19. At\u00e9 o momento n\u00e3o h\u00e1 nova data.<\/p>\n<p>18\/02: o deputado Tran Thung Hieu e diretor do departamento de turismo da capital Han\u00f3i, negaram adiamento da prova e garantiram a realiza\u00e7\u00e3o do GP do Vietn\u00e3 e que estariam tomando todas as provid\u00eancias necess\u00e1rias, para garantir a seguran\u00e7a de todos que iriam acompanhar a primeira corrida de F1 no pa\u00eds.<\/p>\n<p>09\/03: com o crescimento de novos casos do Coronav\u00edrus, o Governo do Bahrein decretou que a segunda etapa do calend\u00e1rio seria realizado com port\u00f5es fechados.<\/p>\n<p>13\/03: na v\u00e9spera da primeira etapa do campeonato em Melbourne na Austr\u00e1lia, um funcion\u00e1rio da McLaren foi diagnosticado com Coronav\u00edrus e a equipe se retirou do GP. O sinal de alerta foi ativado. Horas ap\u00f3s o ocorrido, a FIA junto com o comit\u00ea organizador, determinaram o cancelamento do GP da Austr\u00e1lia. Logo em seguida, o Presidente da Liberty Media (dona dos direitos comerciais da F1), Chasey Carey junto com executivos da FIA, decretaram adiamento dos GPs do Bahrein e Vietn\u00e3. A temporada de 2020 da F1 come\u00e7aria em maio.<\/p>\n<p>19\/03: FIA anuncia adiamento de outras tr\u00eas provas: Holanda, Espanha e M\u00f4naco.<\/p>\n<p>20\/03: F1 anuncia cancelamento do GP de M\u00f4naco.<\/p>\n<p>23\/03: GP do Azerbaij\u00e3o \u00e9 adiado, por\u00e9m sem data definida.<\/p>\n<p><em>\u00a0<\/em><\/p>\n","protected":false},"excerpt":{"rendered":"<p>Os dirigentes da F1 confirmaram nesta segunda-feira (23), o adiamento do Grande Pr\u00eamio do Azerbaij\u00e3o, o qual seria realizado no dia 7 de junho, em decorr\u00eancia da epidemia do Coronav\u00edrus. Esta \u00e9 a oitava prova que teve sua programa\u00e7\u00e3o afetada pela doen\u00e7a. As outras etapas afetadas s\u00e3o: Austr\u00e1lia, Bahrein, Vietn\u00e3, China, Holanda, Espanha e M\u00f4naco. [&hellip;]<\/p>\n","protected":false},"author":96,"featured_media":157240,"comment_status":"closed","ping_status":"closed","sticky":false,"template":"","format":"standard","meta":{"footnotes":""},"categories":[436,257,439],"tags":[],"class_list":["post-157239","post","type-post","status-publish","format-standard","has-post-thumbnail","hentry","category-destaque-da-semana","category-esporte","category-ultima-hora"],"_links":{"self":[{"href":"https:\/\/diarioregionaldigital.com.br\/index.php?rest_route=\/wp\/v2\/posts\/157239","targetHints":{"allow":["GET"]}}],"collection":[{"href":"https:\/\/diarioregionaldigital.com.br\/index.php?rest_route=\/wp\/v2\/posts"}],"about":[{"href":"https:\/\/diarioregionaldigital.com.br\/index.php?rest_route=\/wp\/v2\/types\/post"}],"author":[{"embeddable":true,"href":"https:\/\/diarioregionaldigital.com.br\/index.php?rest_route=\/wp\/v2\/users\/96"}],"replies":[{"embeddable":true,"href":"https:\/\/diarioregionaldigital.com.br\/index.php?rest_route=%2Fwp%2Fv2%2Fcomments&post=157239"}],"version-history":[{"count":0,"href":"https:\/\/diarioregionaldigital.com.br\/index.php?rest_route=\/wp\/v2\/posts\/157239\/revisions"}],"wp:featuredmedia":[{"embeddable":true,"href":"https:\/\/diarioregionaldigital.com.br\/index.php?rest_route=\/wp\/v2\/media\/157240"}],"wp:attachment":[{"href":"https:\/\/diarioregionaldigital.com.br\/index.php?rest_route=%2Fwp%2Fv2%2Fmedia&parent=157239"}],"wp:term":[{"taxonomy":"category","embeddable":true,"href":"https:\/\/diarioregionaldigital.com.br\/index.php?rest_route=%2Fwp%2Fv2%2Fcategories&post=157239"},{"taxonomy":"post_tag","embeddable":true,"href":"https:\/\/diarioregionaldigital.com.br\/index.php?rest_route=%2Fwp%2Fv2%2Ftags&post=157239"}],"curies":[{"name":"wp","href":"https:\/\/api.w.org\/{rel}","templated":true}]}}