{"id":157236,"date":"2020-03-23T14:29:27","date_gmt":"2020-03-23T17:29:27","guid":{"rendered":"https:\/\/diarioregionaldigital.com.br\/?p=157236"},"modified":"2020-03-23T14:29:27","modified_gmt":"2020-03-23T17:29:27","slug":"cob-defende-adiamento-dos-jogos-olimpicos-de-toquio-em-um-ano","status":"publish","type":"post","link":"https:\/\/diarioregionaldigital.com.br\/?p=157236","title":{"rendered":"COB defende adiamento dos Jogos Ol\u00edmpicos de T\u00f3quio em um ano"},"content":{"rendered":"<p>O Comit\u00ea Ol\u00edmpico do Brasil defende a transfer\u00eancia dos Jogos Ol\u00edmpicos de T\u00f3quio para 2021, em per\u00edodo equivalente ao originalmente marcado, entre o fim de julho e a primeira quinzena de agosto.<\/p>\n<p>A posi\u00e7\u00e3o do COB se d\u00e1 por conta do not\u00f3rio agravamento da pandemia do COVID-19, que j\u00e1 infectou 250 mil pessoas em todo o mundo, e pela consequente dificuldade dos atletas de manterem seu melhor n\u00edvel competitivo pela necessidade de paralisa\u00e7\u00e3o dos treinos e competi\u00e7\u00f5es em escala global.<\/p>\n<p>\u201cComo judoca e ex-t\u00e9cnico da modalidade, aprendi que o sonho de todo atleta \u00e9 disputar os Jogos Ol\u00edmpicos em suas melhores condi\u00e7\u00f5es. Est\u00e1 claro que, neste momento, manter os Jogos para este ano impedir\u00e1 que este sonho seja realizado em sua plenitude\u201d, afirma o presidente do COB, Paulo Wanderley, que comandou a sele\u00e7\u00e3o brasileira em Barcelona 1992.<\/p>\n<p>O COB ressalta que a sugest\u00e3o de adiamento em nada altera a confian\u00e7a da entidade no Comit\u00ea Ol\u00edmpico Internacional (COI) de que a melhor solu\u00e7\u00e3o para o Olimpismo ser\u00e1 tomada.<\/p>\n<p>\u201cO COI j\u00e1 passou por problemas imensos anteriormente, como nos epis\u00f3dios que culminaram no cancelamento dos Jogos de 1916, 1940 e 1944, por conta das Guerras Mundiais, e nos boicotes de Moscou 1980 e Los Angeles 1984. A entidade soube ultrapassar estes obst\u00e1culos, e vemos a Chama Ol\u00edmpica mais forte do que nunca. Tenho certeza de que o Thomas Bach, atleta medalha de ouro em Montreal 1976, est\u00e1 plenamente preparado para nos liderar neste momento de dificuldade\u201d, completa Paulo Wanderley.<\/p>\n<p>Desde o in\u00edcio da pandemia, o COB tem priorizado a sa\u00fade e o bem-estar dos atletas brasileiros e colaboradores do Comit\u00ea. Ha uma semana, a entidade cancelou eventos p\u00fablicos e preparat\u00f3rios para os Jogos e determinou na ter\u00e7a-feira o fechamento total do CT Time Brasil.<\/p>\n<p>&nbsp;<\/p>\n<p><strong>Fonte:\u00a0<\/strong>COB<\/p>\n","protected":false},"excerpt":{"rendered":"<p>O Comit\u00ea Ol\u00edmpico do Brasil defende a transfer\u00eancia dos Jogos Ol\u00edmpicos de T\u00f3quio para 2021, em per\u00edodo equivalente ao originalmente marcado, entre o fim de julho e a primeira quinzena de agosto. A posi\u00e7\u00e3o do COB se d\u00e1 por conta do not\u00f3rio agravamento da pandemia do COVID-19, que j\u00e1 infectou 250 mil pessoas em todo [&hellip;]<\/p>\n","protected":false},"author":96,"featured_media":157237,"comment_status":"closed","ping_status":"closed","sticky":false,"template":"","format":"standard","meta":{"footnotes":""},"categories":[436,257,439],"tags":[],"class_list":["post-157236","post","type-post","status-publish","format-standard","has-post-thumbnail","hentry","category-destaque-da-semana","category-esporte","category-ultima-hora"],"_links":{"self":[{"href":"https:\/\/diarioregionaldigital.com.br\/index.php?rest_route=\/wp\/v2\/posts\/157236","targetHints":{"allow":["GET"]}}],"collection":[{"href":"https:\/\/diarioregionaldigital.com.br\/index.php?rest_route=\/wp\/v2\/posts"}],"about":[{"href":"https:\/\/diarioregionaldigital.com.br\/index.php?rest_route=\/wp\/v2\/types\/post"}],"author":[{"embeddable":true,"href":"https:\/\/diarioregionaldigital.com.br\/index.php?rest_route=\/wp\/v2\/users\/96"}],"replies":[{"embeddable":true,"href":"https:\/\/diarioregionaldigital.com.br\/index.php?rest_route=%2Fwp%2Fv2%2Fcomments&post=157236"}],"version-history":[{"count":0,"href":"https:\/\/diarioregionaldigital.com.br\/index.php?rest_route=\/wp\/v2\/posts\/157236\/revisions"}],"wp:featuredmedia":[{"embeddable":true,"href":"https:\/\/diarioregionaldigital.com.br\/index.php?rest_route=\/wp\/v2\/media\/157237"}],"wp:attachment":[{"href":"https:\/\/diarioregionaldigital.com.br\/index.php?rest_route=%2Fwp%2Fv2%2Fmedia&parent=157236"}],"wp:term":[{"taxonomy":"category","embeddable":true,"href":"https:\/\/diarioregionaldigital.com.br\/index.php?rest_route=%2Fwp%2Fv2%2Fcategories&post=157236"},{"taxonomy":"post_tag","embeddable":true,"href":"https:\/\/diarioregionaldigital.com.br\/index.php?rest_route=%2Fwp%2Fv2%2Ftags&post=157236"}],"curies":[{"name":"wp","href":"https:\/\/api.w.org\/{rel}","templated":true}]}}