{"id":157233,"date":"2020-03-23T14:28:00","date_gmt":"2020-03-23T17:28:00","guid":{"rendered":"https:\/\/diarioregionaldigital.com.br\/?p=157233"},"modified":"2020-03-23T14:28:00","modified_gmt":"2020-03-23T17:28:00","slug":"jogos-escolares-de-minas-gerais-sao-adiados","status":"publish","type":"post","link":"https:\/\/diarioregionaldigital.com.br\/?p=157233","title":{"rendered":"Jogos Escolares de Minas Gerais s\u00e3o adiados"},"content":{"rendered":"<p>Em virtude da pandemia do coronav\u00edrus (Covid-19), que levou Minas Gerais a decretar situa\u00e7\u00e3o de emerg\u00eancia, a Secretaria de Estado de Desenvolvimento Social (Sedese), por meio da Subsecretaria de Esportes, decidiu adiar o in\u00edcio dos Jogos Escolares de Minas Gerais deste ano (Jemg 2020), ficando suspenso o cronograma de execu\u00e7\u00e3o.<\/p>\n<p>A medida visa proteger milhares de estudantes-atletas envolvidos nos jogos, seguindo as orienta\u00e7\u00f5es das autoridades brasileiras de Sa\u00fade. Com a suspens\u00e3o por tempo indeterminado das aulas da rede p\u00fablica estadual, anunciada pelo Governo de Minas Gerais, e a ado\u00e7\u00e3o de diversas medidas de conten\u00e7\u00e3o ao avan\u00e7o do coronav\u00edrus, a medida evita danos \u00e0 sa\u00fade da popula\u00e7\u00e3o.<\/p>\n<p>O Jemg \u00e9 uma a\u00e7\u00e3o realizada pela Sedese, por meio da Subsecretaria de Esportes, e pela Secretaria de Estado de Educa\u00e7\u00e3o (SEE). A execu\u00e7\u00e3o \u00e9 de responsabilidade da Federa\u00e7\u00e3o de Esportes Estudantis de Minas Gerais (FEEMG).<\/p>\n<p>O Governo de Minas, por meio da coordena\u00e7\u00e3o do Jemg, vai continuar a monitorar o Covid-19 no Brasil, podendo retomar as atividades assim que a situa\u00e7\u00e3o estiver normalizada e de acordo com as leis vigentes.<\/p>\n<p>&nbsp;<\/p>\n<p><strong>Fonte:\u00a0<\/strong>Ag\u00eancia Minas<\/p>\n","protected":false},"excerpt":{"rendered":"<p>Em virtude da pandemia do coronav\u00edrus (Covid-19), que levou Minas Gerais a decretar situa\u00e7\u00e3o de emerg\u00eancia, a Secretaria de Estado de Desenvolvimento Social (Sedese), por meio da Subsecretaria de Esportes, decidiu adiar o in\u00edcio dos Jogos Escolares de Minas Gerais deste ano (Jemg 2020), ficando suspenso o cronograma de execu\u00e7\u00e3o. A medida visa proteger milhares [&hellip;]<\/p>\n","protected":false},"author":96,"featured_media":157234,"comment_status":"closed","ping_status":"closed","sticky":false,"template":"","format":"standard","meta":{"footnotes":""},"categories":[436,257,439],"tags":[],"class_list":["post-157233","post","type-post","status-publish","format-standard","has-post-thumbnail","hentry","category-destaque-da-semana","category-esporte","category-ultima-hora"],"_links":{"self":[{"href":"https:\/\/diarioregionaldigital.com.br\/index.php?rest_route=\/wp\/v2\/posts\/157233","targetHints":{"allow":["GET"]}}],"collection":[{"href":"https:\/\/diarioregionaldigital.com.br\/index.php?rest_route=\/wp\/v2\/posts"}],"about":[{"href":"https:\/\/diarioregionaldigital.com.br\/index.php?rest_route=\/wp\/v2\/types\/post"}],"author":[{"embeddable":true,"href":"https:\/\/diarioregionaldigital.com.br\/index.php?rest_route=\/wp\/v2\/users\/96"}],"replies":[{"embeddable":true,"href":"https:\/\/diarioregionaldigital.com.br\/index.php?rest_route=%2Fwp%2Fv2%2Fcomments&post=157233"}],"version-history":[{"count":0,"href":"https:\/\/diarioregionaldigital.com.br\/index.php?rest_route=\/wp\/v2\/posts\/157233\/revisions"}],"wp:featuredmedia":[{"embeddable":true,"href":"https:\/\/diarioregionaldigital.com.br\/index.php?rest_route=\/wp\/v2\/media\/157234"}],"wp:attachment":[{"href":"https:\/\/diarioregionaldigital.com.br\/index.php?rest_route=%2Fwp%2Fv2%2Fmedia&parent=157233"}],"wp:term":[{"taxonomy":"category","embeddable":true,"href":"https:\/\/diarioregionaldigital.com.br\/index.php?rest_route=%2Fwp%2Fv2%2Fcategories&post=157233"},{"taxonomy":"post_tag","embeddable":true,"href":"https:\/\/diarioregionaldigital.com.br\/index.php?rest_route=%2Fwp%2Fv2%2Ftags&post=157233"}],"curies":[{"name":"wp","href":"https:\/\/api.w.org\/{rel}","templated":true}]}}