{"id":157229,"date":"2020-03-23T14:26:34","date_gmt":"2020-03-23T17:26:34","guid":{"rendered":"https:\/\/diarioregionaldigital.com.br\/?p=157229"},"modified":"2020-03-23T14:26:34","modified_gmt":"2020-03-23T17:26:34","slug":"idosos-com-mais-de-80-anos-serao-os-primeiros-vacinados-contra-influenza","status":"publish","type":"post","link":"https:\/\/diarioregionaldigital.com.br\/?p=157229","title":{"rendered":"Idosos com mais de 80 anos ser\u00e3o os primeiros vacinados contra Influenza"},"content":{"rendered":"<p><span style=\"font-weight: 400;\">Em Juiz de Fora, os idosos com idade igual ou superior a 80 anos ser\u00e3o os primeiros vacinados na Campanha Nacional de Vacina\u00e7\u00e3o Contra a Influenza, o v\u00edrus da gripe, que iniciou nessa segunda-feira (23), por recomenda\u00e7\u00e3o do Minist\u00e9rio da Sa\u00fade (MS). Tendo em vista o momento de alerta que a cidade atravessa, por conta do novo Coronav\u00edrus, o Setor de Imuniza\u00e7\u00e3o, da Prefeitura de Juiz de Fora (PJF), definiu como estrat\u00e9gia para evitar aglomera\u00e7\u00e3o escalonar o p\u00fablico-alvo da primeira fase por faixa et\u00e1ria.<\/span><\/p>\n<p><span style=\"font-weight: 400;\">As vacinas estar\u00e3o dispon\u00edveis nas unidades b\u00e1sicas de sa\u00fade (UBS), no t\u00e9rreo do Pronto Atendimento M\u00e9dico (PAM) Marechal e no Departamento de Sa\u00fade do Idoso (DSI), na Rua Batista de Oliveira, 943, Centro, quase esquina com Avenida Itamar Franco.<\/span><\/p>\n<p><span style=\"font-weight: 400;\">Al\u00e9m desses, em parceria com a Universidade Federal de Juiz de Fora (UFJF), a Secretaria de Sa\u00fade (SS) conseguiu viabilizar o <\/span><b>\u201cdrive thru\u201d<\/b><span style=\"font-weight: 400;\"> da imuniza\u00e7\u00e3o, que consiste em vacinar os idosos sem que eles precisem sair do carro. Uma tenda ser\u00e1 montada na Faculdade de Educa\u00e7\u00e3o, que fica na primeira entrada a direita, ap\u00f3s a passagem pelo port\u00e3o sul (Avenida Itamar Franco).<\/span><\/p>\n<p><span style=\"font-weight: 400;\">Recomenda-se que o idoso esteja vestindo camisa de manga larga para facilitar a aplica\u00e7\u00e3o e, se poss\u00edvel, que utilize m\u00e1scara para cobrir a regi\u00e3o da boca e nariz.<\/span><\/p>\n<p>&nbsp;<\/p>\n<p><b>A Vacina<\/b><\/p>\n<p><span style=\"font-weight: 400;\">A vacina ofertada \u00e9 a trivalente, que protege contra os tr\u00eas subtipos do influenza: H1N1, H3N2 e influenza B. Composta por v\u00edrus inativados, ou seja, mortos, \u00e9 segura. A dose \u00e9 contraindicada para pessoas que t\u00eam hist\u00f3rico de rea\u00e7\u00e3o grave anteriores ou alergia grave a ovo de galinha. Esta vacina n\u00e3o imuniza contra a covid-19, doen\u00e7a causada pelo coronav\u00edrus.<\/span><\/p>\n<p>&nbsp;<\/p>\n<p><i><span style=\"font-weight: 400;\">Calend\u00e1rio de vacina\u00e7\u00e3o<\/span><\/i><\/p>\n<p><b>Primeira fase:<\/b><\/p>\n<p><b>Idosos &#8211; 23 de mar\u00e7o a 15 de abril<\/b><\/p>\n<p><b>23 a 27 de mar\u00e7o:<\/b><span style=\"font-weight: 400;\"> 80 anos ou mais<\/span><\/p>\n<p><b>30 de mar\u00e7o a 3 de abril:<\/b><span style=\"font-weight: 400;\"> 70 a 79 anos<\/span><\/p>\n<p><b>6 a 15 de abril:<\/b><span style=\"font-weight: 400;\"> 60 a 69 anos<\/span><\/p>\n<p>&nbsp;<\/p>\n<p><b>Segunda e terceira fase:<\/b><\/p>\n<p><b>Segunda fase:<\/b><span style=\"font-weight: 400;\"> professores, profissionais das for\u00e7as de seguran\u00e7a e salvamento e doentes cr\u00f4nicos: 16 de abril a 9 de maio<\/span><\/p>\n<p><b>Terceira fase:<\/b><span style=\"font-weight: 400;\"> crian\u00e7as de seis meses a menores de seis anos, pessoas com 55 anos ou mais, gr\u00e1vidas, m\u00e3es no p\u00f3s-parto, popula\u00e7\u00e3o ind\u00edgena e portadores de condi\u00e7\u00f5es especiais: 9 a 22 de maio<\/span><\/p>\n<p>&nbsp;<\/p>\n<p><i><span style=\"font-weight: 400;\">Hor\u00e1rio de funcionamento das salas de vacina\u00e7\u00e3o (segunda a sexta-feira):<\/span><\/i><\/p>\n<p><b>* Unidades B\u00e1sicas de Sa\u00fade:<\/b><span style=\"font-weight: 400;\"> 8 horas \u00e0s 10h30 e 13 horas \u00e0s 16h30<\/span><\/p>\n<p><b>* Departamento de Sa\u00fade do Idoso:<\/b><span style=\"font-weight: 400;\"> 8 horas \u00e0s 16h30 (Endere\u00e7o: Rua Batista de Oliveira, 943)<\/span><\/p>\n<p><b>* PAM Marechal:<\/b><span style=\"font-weight: 400;\"> 8 horas \u00e0s 16h30<\/span><\/p>\n<p><b>* UFJF:<\/b><\/p>\n<p><span style=\"font-weight: 400;\">Segunda-feira (23): 11 \u00e0s 16 horas;<\/span><\/p>\n<p><span style=\"font-weight: 400;\">Ter\u00e7a (24) a Sexta-feira (27): 8 \u00e0s 16 horas;<\/span><\/p>\n<p><span style=\"font-weight: 400;\">S\u00e1bado (28): 9 \u00e0s 14 horas.<\/span><\/p>\n<p>&nbsp;<\/p>\n<p><strong>Fonte:\u00a0<\/strong>Assessoria<\/p>\n","protected":false},"excerpt":{"rendered":"<p>Em Juiz de Fora, os idosos com idade igual ou superior a 80 anos ser\u00e3o os primeiros vacinados na Campanha Nacional de Vacina\u00e7\u00e3o Contra a Influenza, o v\u00edrus da gripe, que iniciou nessa segunda-feira (23), por recomenda\u00e7\u00e3o do Minist\u00e9rio da Sa\u00fade (MS). Tendo em vista o momento de alerta que a cidade atravessa, por conta [&hellip;]<\/p>\n","protected":false},"author":96,"featured_media":157231,"comment_status":"closed","ping_status":"closed","sticky":false,"template":"","format":"standard","meta":{"footnotes":""},"categories":[253,436,440,439],"tags":[],"class_list":["post-157229","post","type-post","status-publish","format-standard","has-post-thumbnail","hentry","category-cidade","category-destaque-da-semana","category-destaques-do-dia","category-ultima-hora"],"_links":{"self":[{"href":"https:\/\/diarioregionaldigital.com.br\/index.php?rest_route=\/wp\/v2\/posts\/157229","targetHints":{"allow":["GET"]}}],"collection":[{"href":"https:\/\/diarioregionaldigital.com.br\/index.php?rest_route=\/wp\/v2\/posts"}],"about":[{"href":"https:\/\/diarioregionaldigital.com.br\/index.php?rest_route=\/wp\/v2\/types\/post"}],"author":[{"embeddable":true,"href":"https:\/\/diarioregionaldigital.com.br\/index.php?rest_route=\/wp\/v2\/users\/96"}],"replies":[{"embeddable":true,"href":"https:\/\/diarioregionaldigital.com.br\/index.php?rest_route=%2Fwp%2Fv2%2Fcomments&post=157229"}],"version-history":[{"count":0,"href":"https:\/\/diarioregionaldigital.com.br\/index.php?rest_route=\/wp\/v2\/posts\/157229\/revisions"}],"wp:featuredmedia":[{"embeddable":true,"href":"https:\/\/diarioregionaldigital.com.br\/index.php?rest_route=\/wp\/v2\/media\/157231"}],"wp:attachment":[{"href":"https:\/\/diarioregionaldigital.com.br\/index.php?rest_route=%2Fwp%2Fv2%2Fmedia&parent=157229"}],"wp:term":[{"taxonomy":"category","embeddable":true,"href":"https:\/\/diarioregionaldigital.com.br\/index.php?rest_route=%2Fwp%2Fv2%2Fcategories&post=157229"},{"taxonomy":"post_tag","embeddable":true,"href":"https:\/\/diarioregionaldigital.com.br\/index.php?rest_route=%2Fwp%2Fv2%2Ftags&post=157229"}],"curies":[{"name":"wp","href":"https:\/\/api.w.org\/{rel}","templated":true}]}}