{"id":157223,"date":"2020-03-23T14:19:11","date_gmt":"2020-03-23T17:19:11","guid":{"rendered":"https:\/\/diarioregionaldigital.com.br\/?p=157223"},"modified":"2020-03-23T14:19:11","modified_gmt":"2020-03-23T17:19:11","slug":"prf-nega-bloqueio-na-divisa-mg-rj","status":"publish","type":"post","link":"https:\/\/diarioregionaldigital.com.br\/?p=157223","title":{"rendered":"PRF nega bloqueio na divisa MG\/RJ"},"content":{"rendered":"<p>A Pol\u00edcia Rodovi\u00e1ria Federal (PRF), negou nesta segunda-feira (23), a exist\u00eancia do bloqueio na divisa dos estados de Minas Gerais e Rio de Janeiro, na BR-040. A PRF negou tamb\u00e9m qualquer tipo de restri\u00e7\u00e3o na circula\u00e7\u00e3o de motoristas pela rodovia.<\/p>\n<p>O governo de Minas publicou decreto que n\u00e3o versa sobre o assunto e o do Rio de Janeiro carece de posicionamento da Ag\u00eancia Nacional de Transportes Terrestres (ANTT), o que n\u00e3o ocorreu. Apesar disso, a PRF est\u00e1 empenhada no cumprimento das recomenda\u00e7\u00f5es e orienta a todos que evitem ao m\u00e1ximo qualquer tipo de deslocamento.<\/p>\n<p>&nbsp;<\/p>\n","protected":false},"excerpt":{"rendered":"<p>A Pol\u00edcia Rodovi\u00e1ria Federal (PRF), negou nesta segunda-feira (23), a exist\u00eancia do bloqueio na divisa dos estados de Minas Gerais e Rio de Janeiro, na BR-040. A PRF negou tamb\u00e9m qualquer tipo de restri\u00e7\u00e3o na circula\u00e7\u00e3o de motoristas pela rodovia. O governo de Minas publicou decreto que n\u00e3o versa sobre o assunto e o do [&hellip;]<\/p>\n","protected":false},"author":96,"featured_media":157224,"comment_status":"closed","ping_status":"closed","sticky":false,"template":"","format":"standard","meta":{"footnotes":""},"categories":[301,436,439],"tags":[],"class_list":["post-157223","post","type-post","status-publish","format-standard","has-post-thumbnail","hentry","category-artigos-policiais","category-destaque-da-semana","category-ultima-hora"],"_links":{"self":[{"href":"https:\/\/diarioregionaldigital.com.br\/index.php?rest_route=\/wp\/v2\/posts\/157223","targetHints":{"allow":["GET"]}}],"collection":[{"href":"https:\/\/diarioregionaldigital.com.br\/index.php?rest_route=\/wp\/v2\/posts"}],"about":[{"href":"https:\/\/diarioregionaldigital.com.br\/index.php?rest_route=\/wp\/v2\/types\/post"}],"author":[{"embeddable":true,"href":"https:\/\/diarioregionaldigital.com.br\/index.php?rest_route=\/wp\/v2\/users\/96"}],"replies":[{"embeddable":true,"href":"https:\/\/diarioregionaldigital.com.br\/index.php?rest_route=%2Fwp%2Fv2%2Fcomments&post=157223"}],"version-history":[{"count":0,"href":"https:\/\/diarioregionaldigital.com.br\/index.php?rest_route=\/wp\/v2\/posts\/157223\/revisions"}],"wp:featuredmedia":[{"embeddable":true,"href":"https:\/\/diarioregionaldigital.com.br\/index.php?rest_route=\/wp\/v2\/media\/157224"}],"wp:attachment":[{"href":"https:\/\/diarioregionaldigital.com.br\/index.php?rest_route=%2Fwp%2Fv2%2Fmedia&parent=157223"}],"wp:term":[{"taxonomy":"category","embeddable":true,"href":"https:\/\/diarioregionaldigital.com.br\/index.php?rest_route=%2Fwp%2Fv2%2Fcategories&post=157223"},{"taxonomy":"post_tag","embeddable":true,"href":"https:\/\/diarioregionaldigital.com.br\/index.php?rest_route=%2Fwp%2Fv2%2Ftags&post=157223"}],"curies":[{"name":"wp","href":"https:\/\/api.w.org\/{rel}","templated":true}]}}