{"id":157217,"date":"2020-03-23T14:13:06","date_gmt":"2020-03-23T17:13:06","guid":{"rendered":"https:\/\/diarioregionaldigital.com.br\/?p=157217"},"modified":"2020-03-23T14:13:06","modified_gmt":"2020-03-23T17:13:06","slug":"para-maia-discussao-sobre-adiamento-de-eleicoes-e-completamente-equivocada","status":"publish","type":"post","link":"https:\/\/diarioregionaldigital.com.br\/?p=157217","title":{"rendered":"Para Maia, discuss\u00e3o sobre adiamento de elei\u00e7\u00f5es \u00e9 completamente equivocada"},"content":{"rendered":"<p>O presidente da C\u00e2mara, Rodrigo Maia (DEM-RJ), afirmou que a discuss\u00e3o sobre o adiamento das elei\u00e7\u00f5es municipais deste ano, prevista para outubro, \u00e9 completamente equivocada. A sugest\u00e3o proposta pelo ministro da Sa\u00fade, Luiz Mandetta, foi feita como uma forma de conter os impactos da epidemia do coronav\u00edrus. Segundo Maia, o processo pol\u00edtico eleitoral n\u00e3o deve fazer parte dos debates e da constru\u00e7\u00e3o de solu\u00e7\u00f5es para o enfrentamento da crise.<\/p>\n<p>\u201cO processo pol\u00edtico eleitoral n\u00e3o deve fazer parte dos nossos debates e da constru\u00e7\u00e3o de solu\u00e7\u00f5es para o enfrentamento dessa crise no \u00e2mbito da sa\u00fade, na garantia da manuten\u00e7\u00e3o dos empregos e na preocupa\u00e7\u00e3o com os mais vulner\u00e1veis\u201d, afirmou.<\/p>\n<p>Maia defendeu a\u00e7\u00f5es conjuntas entre os tr\u00eas Poderes para minimizar os impactos do coronav\u00edrus no Pa\u00eds. \u201cA discuss\u00e3o \u00e9 uma discuss\u00e3o completamente equivocada: esses pr\u00f3ximos tr\u00eas meses deve ser do Executivo, do Parlamento e do Judici\u00e1rio no enfrentamento dessa crise e todos trabalhando de forma unida\u201d, disse Rodrigo Maia.<\/p>\n<p>&nbsp;<\/p>\n<p><strong>Fonte:\u00a0<\/strong>Ag\u00eancia C\u00e2mara<\/p>\n","protected":false},"excerpt":{"rendered":"<p>O presidente da C\u00e2mara, Rodrigo Maia (DEM-RJ), afirmou que a discuss\u00e3o sobre o adiamento das elei\u00e7\u00f5es municipais deste ano, prevista para outubro, \u00e9 completamente equivocada. A sugest\u00e3o proposta pelo ministro da Sa\u00fade, Luiz Mandetta, foi feita como uma forma de conter os impactos da epidemia do coronav\u00edrus. Segundo Maia, o processo pol\u00edtico eleitoral n\u00e3o deve [&hellip;]<\/p>\n","protected":false},"author":96,"featured_media":157218,"comment_status":"closed","ping_status":"closed","sticky":false,"template":"","format":"standard","meta":{"footnotes":""},"categories":[436,254,439],"tags":[],"class_list":["post-157217","post","type-post","status-publish","format-standard","has-post-thumbnail","hentry","category-destaque-da-semana","category-politica","category-ultima-hora"],"_links":{"self":[{"href":"https:\/\/diarioregionaldigital.com.br\/index.php?rest_route=\/wp\/v2\/posts\/157217","targetHints":{"allow":["GET"]}}],"collection":[{"href":"https:\/\/diarioregionaldigital.com.br\/index.php?rest_route=\/wp\/v2\/posts"}],"about":[{"href":"https:\/\/diarioregionaldigital.com.br\/index.php?rest_route=\/wp\/v2\/types\/post"}],"author":[{"embeddable":true,"href":"https:\/\/diarioregionaldigital.com.br\/index.php?rest_route=\/wp\/v2\/users\/96"}],"replies":[{"embeddable":true,"href":"https:\/\/diarioregionaldigital.com.br\/index.php?rest_route=%2Fwp%2Fv2%2Fcomments&post=157217"}],"version-history":[{"count":0,"href":"https:\/\/diarioregionaldigital.com.br\/index.php?rest_route=\/wp\/v2\/posts\/157217\/revisions"}],"wp:featuredmedia":[{"embeddable":true,"href":"https:\/\/diarioregionaldigital.com.br\/index.php?rest_route=\/wp\/v2\/media\/157218"}],"wp:attachment":[{"href":"https:\/\/diarioregionaldigital.com.br\/index.php?rest_route=%2Fwp%2Fv2%2Fmedia&parent=157217"}],"wp:term":[{"taxonomy":"category","embeddable":true,"href":"https:\/\/diarioregionaldigital.com.br\/index.php?rest_route=%2Fwp%2Fv2%2Fcategories&post=157217"},{"taxonomy":"post_tag","embeddable":true,"href":"https:\/\/diarioregionaldigital.com.br\/index.php?rest_route=%2Fwp%2Fv2%2Ftags&post=157217"}],"curies":[{"name":"wp","href":"https:\/\/api.w.org\/{rel}","templated":true}]}}