{"id":157211,"date":"2020-03-23T14:09:51","date_gmt":"2020-03-23T17:09:51","guid":{"rendered":"https:\/\/diarioregionaldigital.com.br\/?p=157211"},"modified":"2020-03-23T14:35:18","modified_gmt":"2020-03-23T17:35:18","slug":"brasileiros-esperam-que-inflacao-fique-em-48-nos-proximos-12-meses","status":"publish","type":"post","link":"https:\/\/diarioregionaldigital.com.br\/?p=157211","title":{"rendered":"Brasileiros esperam que infla\u00e7\u00e3o fique em 4,8% nos pr\u00f3ximos 12 meses"},"content":{"rendered":"<p>A expectativa de infla\u00e7\u00e3o dos consumidores brasileiros para os pr\u00f3ximos 12 meses ficou em 4,8%, segundo pesquisa feita em mar\u00e7o pela Funda\u00e7\u00e3o Getulio Vargas (FGV). A taxa \u00e9 inferior aos 5% registrados em fevereiro e retornou ao m\u00ednimo hist\u00f3rico apresentado em novembro e dezembro de 2019.<\/p>\n<p>Em rela\u00e7\u00e3o a mar\u00e7o do ano passado (5,1%), houve queda de 0,3 ponto percentual. A pesquisa \u00e9 realizada com base em entrevista feita com consumidores, que respondem \u00e0 seguinte pergunta: \u201cna sua opini\u00e3o, de quanto ser\u00e1 a infla\u00e7\u00e3o brasileira nos pr\u00f3ximos 12 meses?\u201d.<\/p>\n<p>A economista da FGV Renata de Mello Franco acredita que a tend\u00eancia para os pr\u00f3ximos meses \u00e9 de que os consumidores esperem uma infla\u00e7\u00e3o ainda menor, devido ao cen\u00e1rio de incertezas gerado pela pandemia do novo coronav\u00edrus.<\/p>\n<p>&nbsp;<\/p>\n<p><strong>Fonte:<\/strong>\u00a0Ag\u00eancia Brasil<\/p>\n","protected":false},"excerpt":{"rendered":"<p>A expectativa de infla\u00e7\u00e3o dos consumidores brasileiros para os pr\u00f3ximos 12 meses ficou em 4,8%, segundo pesquisa feita em mar\u00e7o pela Funda\u00e7\u00e3o Getulio Vargas (FGV). A taxa \u00e9 inferior aos 5% registrados em fevereiro e retornou ao m\u00ednimo hist\u00f3rico apresentado em novembro e dezembro de 2019. Em rela\u00e7\u00e3o a mar\u00e7o do ano passado (5,1%), houve [&hellip;]<\/p>\n","protected":false},"author":96,"featured_media":157212,"comment_status":"closed","ping_status":"closed","sticky":false,"template":"","format":"standard","meta":{"footnotes":""},"categories":[436,261,439],"tags":[],"class_list":["post-157211","post","type-post","status-publish","format-standard","has-post-thumbnail","hentry","category-destaque-da-semana","category-economia","category-ultima-hora"],"_links":{"self":[{"href":"https:\/\/diarioregionaldigital.com.br\/index.php?rest_route=\/wp\/v2\/posts\/157211","targetHints":{"allow":["GET"]}}],"collection":[{"href":"https:\/\/diarioregionaldigital.com.br\/index.php?rest_route=\/wp\/v2\/posts"}],"about":[{"href":"https:\/\/diarioregionaldigital.com.br\/index.php?rest_route=\/wp\/v2\/types\/post"}],"author":[{"embeddable":true,"href":"https:\/\/diarioregionaldigital.com.br\/index.php?rest_route=\/wp\/v2\/users\/96"}],"replies":[{"embeddable":true,"href":"https:\/\/diarioregionaldigital.com.br\/index.php?rest_route=%2Fwp%2Fv2%2Fcomments&post=157211"}],"version-history":[{"count":0,"href":"https:\/\/diarioregionaldigital.com.br\/index.php?rest_route=\/wp\/v2\/posts\/157211\/revisions"}],"wp:featuredmedia":[{"embeddable":true,"href":"https:\/\/diarioregionaldigital.com.br\/index.php?rest_route=\/wp\/v2\/media\/157212"}],"wp:attachment":[{"href":"https:\/\/diarioregionaldigital.com.br\/index.php?rest_route=%2Fwp%2Fv2%2Fmedia&parent=157211"}],"wp:term":[{"taxonomy":"category","embeddable":true,"href":"https:\/\/diarioregionaldigital.com.br\/index.php?rest_route=%2Fwp%2Fv2%2Fcategories&post=157211"},{"taxonomy":"post_tag","embeddable":true,"href":"https:\/\/diarioregionaldigital.com.br\/index.php?rest_route=%2Fwp%2Fv2%2Ftags&post=157211"}],"curies":[{"name":"wp","href":"https:\/\/api.w.org\/{rel}","templated":true}]}}