{"id":157115,"date":"2020-03-19T14:29:01","date_gmt":"2020-03-19T17:29:01","guid":{"rendered":"https:\/\/diarioregionaldigital.com.br\/?p=157115"},"modified":"2020-03-19T14:29:01","modified_gmt":"2020-03-19T17:29:01","slug":"atividades-presenciais-da-ufjf-sao-suspensas-por-15-dias","status":"publish","type":"post","link":"https:\/\/diarioregionaldigital.com.br\/?p=157115","title":{"rendered":"Atividades presenciais da UFJF s\u00e3o suspensas por 15 dias"},"content":{"rendered":"<p>Em reuni\u00e3o extraordin\u00e1ria realizada nessa quarta-feira (18), o Conselho Superior (Consu) da Universidade Federal de Juiz de Fora (UFJF), decretou a suspens\u00e3o de todas suas atividades presenciais por um per\u00edodo de 15 dias, cujo prazo pode ser prorrogado a qualquer tempo.<\/p>\n<p>Al\u00e9m das atividades presenciais, a institui\u00e7\u00e3o determinou tamb\u00e9m a suspens\u00e3o das atividades administrativas presenciais, consideradas essenciais ou estrat\u00e9gicas; atividades de atendimento ao p\u00fablico dos equipamentos culturais e extensionistas; eventos acad\u00eamicos, cient\u00edficos, culturais e esportivos; e suspens\u00e3o das atividades de transporte, com exce\u00e7\u00e3o para a manuten\u00e7\u00e3o dos servi\u00e7os.<\/p>\n<p>O documento determina tamb\u00e9m que para a viabiliza\u00e7\u00e3o das atividades essenciais ou estrat\u00e9gicas nos setores em que forem desenvolvidas, ficar\u00e1 mantido o funcionamento das atividades de conserva\u00e7\u00e3o e limpezas necess\u00e1rias ao enfrentamento da emerg\u00eancia da sa\u00fade p\u00fablica, garantindo prote\u00e7\u00e3o aos trabalhadores e trabalhadoras.<\/p>\n<p>&nbsp;<\/p>\n<p><strong>Jornada de trabalho<\/strong><\/p>\n<p><strong>\u00a0<\/strong>Os diretores das unidades acad\u00eamicas, pr\u00f3-reitores e diretores administrativos ir\u00e3o definir a din\u00e2mica do funcionamento das unidades organizacionais e setores envolvidos.<\/p>\n<p>A jornada deve ser organizada atrav\u00e9s de trabalho remoto, com revezamento de servidores e rotinas de trabalho presencial que garantam a manuten\u00e7\u00e3o do distanciamento social recomendado, visando reduzir ao m\u00e1ximo a circula\u00e7\u00e3o dos trabalhadores pela Universidade.<\/p>\n<p>O decreto divulgado pela UFJF determina tamb\u00e9m que os servidores p\u00fablicos e trabalhadores terceirizados executem a fun\u00e7\u00e3o administrativa, desde que tenham: sessenta anos ou mais, imunodefici\u00eancia ou doen\u00e7as cr\u00f4nicas ou graves e respons\u00e1veis por cuidado de uma ou mais pessoas com suspeita da confirma\u00e7\u00e3o de diagn\u00f3stico de infec\u00e7\u00e3o por Covid-19.<\/p>\n<p>&nbsp;<\/p>\n","protected":false},"excerpt":{"rendered":"<p>Em reuni\u00e3o extraordin\u00e1ria realizada nessa quarta-feira (18), o Conselho Superior (Consu) da Universidade Federal de Juiz de Fora (UFJF), decretou a suspens\u00e3o de todas suas atividades presenciais por um per\u00edodo de 15 dias, cujo prazo pode ser prorrogado a qualquer tempo. Al\u00e9m das atividades presenciais, a institui\u00e7\u00e3o determinou tamb\u00e9m a suspens\u00e3o das atividades administrativas presenciais, [&hellip;]<\/p>\n","protected":false},"author":96,"featured_media":157116,"comment_status":"closed","ping_status":"closed","sticky":false,"template":"","format":"standard","meta":{"footnotes":""},"categories":[253,436,440,439],"tags":[],"class_list":["post-157115","post","type-post","status-publish","format-standard","has-post-thumbnail","hentry","category-cidade","category-destaque-da-semana","category-destaques-do-dia","category-ultima-hora"],"_links":{"self":[{"href":"https:\/\/diarioregionaldigital.com.br\/index.php?rest_route=\/wp\/v2\/posts\/157115","targetHints":{"allow":["GET"]}}],"collection":[{"href":"https:\/\/diarioregionaldigital.com.br\/index.php?rest_route=\/wp\/v2\/posts"}],"about":[{"href":"https:\/\/diarioregionaldigital.com.br\/index.php?rest_route=\/wp\/v2\/types\/post"}],"author":[{"embeddable":true,"href":"https:\/\/diarioregionaldigital.com.br\/index.php?rest_route=\/wp\/v2\/users\/96"}],"replies":[{"embeddable":true,"href":"https:\/\/diarioregionaldigital.com.br\/index.php?rest_route=%2Fwp%2Fv2%2Fcomments&post=157115"}],"version-history":[{"count":0,"href":"https:\/\/diarioregionaldigital.com.br\/index.php?rest_route=\/wp\/v2\/posts\/157115\/revisions"}],"wp:featuredmedia":[{"embeddable":true,"href":"https:\/\/diarioregionaldigital.com.br\/index.php?rest_route=\/wp\/v2\/media\/157116"}],"wp:attachment":[{"href":"https:\/\/diarioregionaldigital.com.br\/index.php?rest_route=%2Fwp%2Fv2%2Fmedia&parent=157115"}],"wp:term":[{"taxonomy":"category","embeddable":true,"href":"https:\/\/diarioregionaldigital.com.br\/index.php?rest_route=%2Fwp%2Fv2%2Fcategories&post=157115"},{"taxonomy":"post_tag","embeddable":true,"href":"https:\/\/diarioregionaldigital.com.br\/index.php?rest_route=%2Fwp%2Fv2%2Ftags&post=157115"}],"curies":[{"name":"wp","href":"https:\/\/api.w.org\/{rel}","templated":true}]}}