{"id":157109,"date":"2020-03-19T14:23:51","date_gmt":"2020-03-19T17:23:51","guid":{"rendered":"https:\/\/diarioregionaldigital.com.br\/?p=157109"},"modified":"2020-03-19T14:23:51","modified_gmt":"2020-03-19T17:23:51","slug":"vinicius-figueira-tem-vaga-confirmada-nos-jogos-olimpicos","status":"publish","type":"post","link":"https:\/\/diarioregionaldigital.com.br\/?p=157109","title":{"rendered":"Vinicius Figueira tem vaga confirmada nos Jogos Ol\u00edmpicos"},"content":{"rendered":"<p>Enquanto a popula\u00e7\u00e3o brasileira vive semanas de apreens\u00e3o com o avan\u00e7o do coronav\u00edrus pelo pa\u00eds, Vinicius Figueira recebeu uma grande not\u00edcia da Federa\u00e7\u00e3o Internacional de Karat\u00ea (WKF): ele est\u00e1 classificado para os Jogos Ol\u00edmpicos T\u00f3quio 2020.<\/p>\n<p>Devido ao cancelamento de eventos esportivos pelo mundo, a entidade m\u00e1xima do karat\u00ea n\u00e3o ter\u00e1 mais competi\u00e7\u00f5es at\u00e9 a data estipulada para o fechamento do ranking ol\u00edmpico: 6 de abril de 2020. Com isso, o carateca brasileiro ficou com uma das quatro vagas na categoria at\u00e9 67kg.<\/p>\n<p>Apesar da expectativa pela confirma\u00e7\u00e3o da vaga nos \u00faltimos dias, Vinicius aguardava ainda uma mensagem oficial da WKF, o que aconteceu na \u00faltima quarta-feira, 18 de mar\u00e7o. Ele e o venezuelano Antonio D\u00edaz (categoria kata) s\u00e3o os \u00fanicos atletas sul-americanos classificados entre os 40 nomes garantidos em T\u00f3quio 2020 at\u00e9 o momento.<\/p>\n<p><strong>Entenda por que Vinicius conquistou a vaga agora<\/strong><\/p>\n<p>As oito categorias que integram o programa dos Jogos Ol\u00edmpicos ser\u00e3o compostas por dez atletas cada: um do pa\u00eds-sede (Jap\u00e3o); os quatro mais bem colocados do ranking; tr\u00eas de pr\u00e9-ol\u00edmpicos continentais; e dois que podem vir destes pr\u00e9-ol\u00edmpicos ou receberem convites.<\/p>\n<p>No caso de Vinicius Figueira, que integra a categoria kumite at\u00e9 67kg, a briga era ainda mais acirrada. Tendo em vista que a categoria at\u00e9 60kg n\u00e3o ser\u00e1 disputada em T\u00f3quio 2020, a Federa\u00e7\u00e3o Internacional de Karat\u00ea (WKF) definiu que essas quatro vagas via ranking seriam divididas da seguinte forma: os dois melhores entre os at\u00e9 60kg e os dois melhores entre os at\u00e9 67kg. Foi nesta \u00faltima que o brasileiro conseguiu a vaga, atr\u00e1s do franc\u00eas Steven Dacosta, mas superando o eg\u00edpcio Ali Elsawy por 360 pontos.<\/p>\n<p>A \u00faltima competi\u00e7\u00e3o prevista para o ciclo ol\u00edmpico seria a Premier League de Rabat (Marrocos), em mar\u00e7o, que acabou cancelada. Depois, com o objetivo de n\u00e3o prejudicar os atletas que ainda buscavam a classifica\u00e7\u00e3o via ranking, a WKF passou a considerar a Premier League de Madri (Espanha), em abril, para o sistema qualificat\u00f3rio. Por\u00e9m, com a propaga\u00e7\u00e3o do coronav\u00edrus no pa\u00eds, a competi\u00e7\u00e3o tamb\u00e9m n\u00e3o ser\u00e1 realizada. Assim, a etapa de Salzburg (\u00c1ustria) foi a \u00faltima contar pontos para o ranking.<\/p>\n<p>&nbsp;<\/p>\n<p><strong>Fonte:\u00a0<\/strong>COB<\/p>\n","protected":false},"excerpt":{"rendered":"<p>Enquanto a popula\u00e7\u00e3o brasileira vive semanas de apreens\u00e3o com o avan\u00e7o do coronav\u00edrus pelo pa\u00eds, Vinicius Figueira recebeu uma grande not\u00edcia da Federa\u00e7\u00e3o Internacional de Karat\u00ea (WKF): ele est\u00e1 classificado para os Jogos Ol\u00edmpicos T\u00f3quio 2020. Devido ao cancelamento de eventos esportivos pelo mundo, a entidade m\u00e1xima do karat\u00ea n\u00e3o ter\u00e1 mais competi\u00e7\u00f5es at\u00e9 a [&hellip;]<\/p>\n","protected":false},"author":96,"featured_media":157110,"comment_status":"closed","ping_status":"closed","sticky":false,"template":"","format":"standard","meta":{"footnotes":""},"categories":[436,257,439],"tags":[],"class_list":["post-157109","post","type-post","status-publish","format-standard","has-post-thumbnail","hentry","category-destaque-da-semana","category-esporte","category-ultima-hora"],"_links":{"self":[{"href":"https:\/\/diarioregionaldigital.com.br\/index.php?rest_route=\/wp\/v2\/posts\/157109","targetHints":{"allow":["GET"]}}],"collection":[{"href":"https:\/\/diarioregionaldigital.com.br\/index.php?rest_route=\/wp\/v2\/posts"}],"about":[{"href":"https:\/\/diarioregionaldigital.com.br\/index.php?rest_route=\/wp\/v2\/types\/post"}],"author":[{"embeddable":true,"href":"https:\/\/diarioregionaldigital.com.br\/index.php?rest_route=\/wp\/v2\/users\/96"}],"replies":[{"embeddable":true,"href":"https:\/\/diarioregionaldigital.com.br\/index.php?rest_route=%2Fwp%2Fv2%2Fcomments&post=157109"}],"version-history":[{"count":0,"href":"https:\/\/diarioregionaldigital.com.br\/index.php?rest_route=\/wp\/v2\/posts\/157109\/revisions"}],"wp:featuredmedia":[{"embeddable":true,"href":"https:\/\/diarioregionaldigital.com.br\/index.php?rest_route=\/wp\/v2\/media\/157110"}],"wp:attachment":[{"href":"https:\/\/diarioregionaldigital.com.br\/index.php?rest_route=%2Fwp%2Fv2%2Fmedia&parent=157109"}],"wp:term":[{"taxonomy":"category","embeddable":true,"href":"https:\/\/diarioregionaldigital.com.br\/index.php?rest_route=%2Fwp%2Fv2%2Fcategories&post=157109"},{"taxonomy":"post_tag","embeddable":true,"href":"https:\/\/diarioregionaldigital.com.br\/index.php?rest_route=%2Fwp%2Fv2%2Ftags&post=157109"}],"curies":[{"name":"wp","href":"https:\/\/api.w.org\/{rel}","templated":true}]}}