{"id":157106,"date":"2020-03-19T14:22:04","date_gmt":"2020-03-19T17:22:04","guid":{"rendered":"https:\/\/diarioregionaldigital.com.br\/?p=157106"},"modified":"2020-03-19T14:22:04","modified_gmt":"2020-03-19T17:22:04","slug":"f1-mais-tres-provas-sao-adiadas","status":"publish","type":"post","link":"https:\/\/diarioregionaldigital.com.br\/?p=157106","title":{"rendered":"F1: mais tr\u00eas provas s\u00e3o adiadas"},"content":{"rendered":"<p>Em reuni\u00e3o realizada nesta quinta-feira (19), a Federa\u00e7\u00e3o Internacional de Automobilismo (FIA), determinou adiamento de mais tr\u00eas corridas do calend\u00e1rio de 2020 da F1, em decorr\u00eancia do Coronav\u00edrus: Holanda, Espanha e M\u00f4naco. As tr\u00eas etapas agora se juntam a Bahrein, Vietn\u00e3 e China.<\/p>\n<p>Agora a expectativa \u00e9 para que o campeonato comece apenas em junho no Grande Pr\u00eamio do Azerbaij\u00e3o, na capital Baku.<\/p>\n<p>A reuni\u00e3o entre a FIA junto com todas as equipes da categoria, determinou a aprova\u00e7\u00e3o de um calend\u00e1rio mais flex\u00edvel e tamb\u00e9m o adiamento do novo regulamento, previsto para 2021, agora adiado para 2022.<\/p>\n<p>Atrav\u00e9s de um comunicado oficial, os dirigentes da F1 relataram sobre o adiamento das outras tr\u00eas corridas e tamb\u00e9m fala sobre a quest\u00e3o do Coronav\u00edrus:<\/p>\n<p><em>&#8220;Por causa do cont\u00e1gio global do Covid-19 e ap\u00f3s discuss\u00f5es com a FIA e os tr\u00eas promotores dos eventos, hoje foi confirmado que os GP&#8217;s da Holanda, Espanha e M\u00f4naco ser\u00e3o adiados.<\/em><\/p>\n<p><em>\u00a0<\/em><em>A F1, FIA e os tr\u00eas promotores tomaram essa decis\u00e3o para garantir a seguran\u00e7a e sa\u00fade dos profissionais das equipes, pilotos e f\u00e3s, algo que permanece como nossa prioridade.<\/em><\/p>\n<p><em>\u00a0<\/em><em>F1 e FIA continuar\u00e3o a trabalhar em conjunto com os promotores afetados e com as autoridades locais para monitora a situa\u00e7\u00e3o com o tempo adequado para estudar datas alternativas para cada GP ao longo do ano, caso a situa\u00e7\u00e3o melhore.<\/em><\/p>\n<p><em>\u00a0<\/em><em>A F1 e a FIA esperam come\u00e7ar o campeonato de 2020 assim que for seguro para tal ap\u00f3s maio, e seguir\u00e3o monitorando a situa\u00e7\u00e3o do Covid-19&#8243;.<\/em><\/p>\n<p>&nbsp;<\/p>\n<p><strong>Linha do tempo<\/strong><\/p>\n<p>12\/02: uma reuni\u00e3o entre a FIA e os promotores do Grande Pr\u00eamio, com a Confedera\u00e7\u00e3o de Automobilismo da China e Administra\u00e7\u00e3o de Esportes de Xangai, concordaram em adiar o Grande Pr\u00eamio da China em decorr\u00eancia do Covid-19. At\u00e9 o momento n\u00e3o h\u00e1 nova data.<\/p>\n<p>18\/02: o deputado Tran Thung Hieu e diretor do departamento de turismo da capital Han\u00f3i, negaram adiamento da prova e garantiram a realiza\u00e7\u00e3o do GP do Vietn\u00e3 e que estariam tomando todas as provid\u00eancias necess\u00e1rias, para garantir a seguran\u00e7a de todos que iriam acompanhar a primeira corrida de F1 no pa\u00eds.<\/p>\n<p>09\/03: com o crescimento de novos casos do Coronav\u00edrus, o Governo do Bahrein decretou que a segunda etapa do calend\u00e1rio seria realizado com port\u00f5es fechados.<\/p>\n<p>13\/03: na v\u00e9spera da primeira etapa do campeonato em Melbourne na Austr\u00e1lia, um funcion\u00e1rio da McLaren foi diagnosticado com Coronav\u00edrus e a equipe se retirou do GP. O sinal de alerta foi ativado. Horas ap\u00f3s o ocorrido, a FIA junto com o comit\u00ea organizador, determinaram o cancelamento do GP da Austr\u00e1lia. Logo em seguida, o Presidente da Liberty Media (dona dos direitos comerciais da F1), Chasey Carey junto com executivos da FIA, decretaram adiamento dos GPs do Bahrein e Vietn\u00e3. A temporada de 2020 da F1 come\u00e7aria em maio.<\/p>\n<p>19\/03: FIA anuncia adiamento de outras tr\u00eas provas: Holanda, Espanha e M\u00f4naco.<\/p>\n<p>&nbsp;<\/p>\n<p>&nbsp;<\/p>\n","protected":false},"excerpt":{"rendered":"<p>Em reuni\u00e3o realizada nesta quinta-feira (19), a Federa\u00e7\u00e3o Internacional de Automobilismo (FIA), determinou adiamento de mais tr\u00eas corridas do calend\u00e1rio de 2020 da F1, em decorr\u00eancia do Coronav\u00edrus: Holanda, Espanha e M\u00f4naco. As tr\u00eas etapas agora se juntam a Bahrein, Vietn\u00e3 e China. Agora a expectativa \u00e9 para que o campeonato comece apenas em junho [&hellip;]<\/p>\n","protected":false},"author":96,"featured_media":157107,"comment_status":"closed","ping_status":"closed","sticky":false,"template":"","format":"standard","meta":{"footnotes":""},"categories":[436,257,439],"tags":[],"class_list":["post-157106","post","type-post","status-publish","format-standard","has-post-thumbnail","hentry","category-destaque-da-semana","category-esporte","category-ultima-hora"],"_links":{"self":[{"href":"https:\/\/diarioregionaldigital.com.br\/index.php?rest_route=\/wp\/v2\/posts\/157106","targetHints":{"allow":["GET"]}}],"collection":[{"href":"https:\/\/diarioregionaldigital.com.br\/index.php?rest_route=\/wp\/v2\/posts"}],"about":[{"href":"https:\/\/diarioregionaldigital.com.br\/index.php?rest_route=\/wp\/v2\/types\/post"}],"author":[{"embeddable":true,"href":"https:\/\/diarioregionaldigital.com.br\/index.php?rest_route=\/wp\/v2\/users\/96"}],"replies":[{"embeddable":true,"href":"https:\/\/diarioregionaldigital.com.br\/index.php?rest_route=%2Fwp%2Fv2%2Fcomments&post=157106"}],"version-history":[{"count":0,"href":"https:\/\/diarioregionaldigital.com.br\/index.php?rest_route=\/wp\/v2\/posts\/157106\/revisions"}],"wp:featuredmedia":[{"embeddable":true,"href":"https:\/\/diarioregionaldigital.com.br\/index.php?rest_route=\/wp\/v2\/media\/157107"}],"wp:attachment":[{"href":"https:\/\/diarioregionaldigital.com.br\/index.php?rest_route=%2Fwp%2Fv2%2Fmedia&parent=157106"}],"wp:term":[{"taxonomy":"category","embeddable":true,"href":"https:\/\/diarioregionaldigital.com.br\/index.php?rest_route=%2Fwp%2Fv2%2Fcategories&post=157106"},{"taxonomy":"post_tag","embeddable":true,"href":"https:\/\/diarioregionaldigital.com.br\/index.php?rest_route=%2Fwp%2Fv2%2Ftags&post=157106"}],"curies":[{"name":"wp","href":"https:\/\/api.w.org\/{rel}","templated":true}]}}