{"id":157103,"date":"2020-03-19T14:15:51","date_gmt":"2020-03-19T17:15:51","guid":{"rendered":"https:\/\/diarioregionaldigital.com.br\/?p=157103"},"modified":"2020-03-19T14:15:51","modified_gmt":"2020-03-19T17:15:51","slug":"com-avanco-do-coronavirus-cob-adota-medidas-preventivas-e-trabalha-a-distancia-com-os-atletas","status":"publish","type":"post","link":"https:\/\/diarioregionaldigital.com.br\/?p=157103","title":{"rendered":"Com avan\u00e7o do coronav\u00edrus, COB adota medidas preventivas e trabalha \u00e0 dist\u00e2ncia com os atletas"},"content":{"rendered":"<p>O crescimento vertiginoso do n\u00famero de pessoas infectadas pelo novo coronav\u00edrus (COVID-19) no pa\u00eds tem provocado uma s\u00e9rie de mudan\u00e7as na rotina da popula\u00e7\u00e3o brasileira nos \u00faltimos dias. O Comit\u00ea Ol\u00edmpico do Brasil (COB), como n\u00e3o poderia ser diferente, tem seguido as recomenda\u00e7\u00f5es de \u00f3rg\u00e3os governamentais e da Organiza\u00e7\u00e3o Mundial da Sa\u00fade (OMS) em um movimento para combater e reduzir o risco de infec\u00e7\u00e3o pelo v\u00edrus.<\/p>\n<p>Diante disso, o COB adotou a partir dessa semana, o regime de <em>home office<\/em> para os colaboradores que trabalham na sede do Comit\u00ea, na Barra da Tijuca, zona oeste do Rio de Janeiro. J\u00e1 as instala\u00e7\u00f5es esportivas geridas pela entidade, como o Centro de Treinamento Time Brasil (CTTB), no Parque Aqu\u00e1tico Maria Lenk, permanecer\u00e3o fechadas por 15 dias corridos, com tais prazos podendo ser revistos.<\/p>\n<p>\u201cAinda que o COB tenha como miss\u00e3o desenvolver e representar com excel\u00eancia o esporte de alto rendimento do Brasil, a prioridade da institui\u00e7\u00e3o no momento \u00e9 com a sa\u00fade e o bem-estar dos atletas, comiss\u00f5es t\u00e9cnicas e todos aqueles que est\u00e3o envolvidos com o esporte ol\u00edmpico nacional\u201d, afirma o presidente do COB, Paulo Wanderley.<\/p>\n<p>\u201cFui atleta e sei que esse \u00e9 o momento de maior dificuldade que ele pode atravessar em sua carreira: n\u00e3o poder treinar em condi\u00e7\u00f5es normais e ficar sem competir. Mas precisamos entender que essa \u00e9 uma crise sem precedentes e que todos os cuidados s\u00e3o necess\u00e1rios\u201d, diz o diretor Geral do COB, Rog\u00e9rio Sampaio.<\/p>\n<p>O COB cancelou ainda a Assembleia Geral Extraordin\u00e1ria e a Reuni\u00e3o de Trabalho com as Confedera\u00e7\u00f5es agendadas para esta quarta-feira, al\u00e9m de uma s\u00e9rie de eventos pr\u00f3prios que ocorreriam nos pr\u00f3ximos meses, casos do Festival 100 dias para T\u00f3quio (18, 19 e 21 de abril), em Bras\u00edlia, e do Encontro Ol\u00edmpico (2 de maio), no Rio de Janeiro. Isso sem falar no m\u00f3dulo presencial do Curso de Esporte de Alto Rendimento (CEAR), organizado pelo Instituto Ol\u00edmpico Brasileiro (IOB), com in\u00edcio previsto para abril, que reuniria profissionais de badminton, boxe e nata\u00e7\u00e3o.<\/p>\n<p>Por outro lado, os cursos em formato EAD (ensino a dist\u00e2ncia) seguem dispon\u00edveis na plataforma online do IOB. S\u00e3o os casos do Curso de Inicia\u00e7\u00e3o Esportiva e Valores Ol\u00edmpicos (CIEVO) e do Preven\u00e7\u00e3o e Enfrentamento do Ass\u00e9dio e Abuso no Esporte (PEAAE). No pr\u00f3ximo m\u00eas, ser\u00e1 lan\u00e7ado o Curso de Introdu\u00e7\u00e3o ao Sistema Ol\u00edmpico (CISO), destinado a jornalistas e demais profissionais de comunica\u00e7\u00e3o.<\/p>\n<p>Quem tamb\u00e9m segue trabalhando firme s\u00e3o os profissionais que integram a equipe multidisciplinar do COB. Mesmo \u00e0 dist\u00e2ncia, eles t\u00eam passado orienta\u00e7\u00f5es di\u00e1rias aos atletas sobre programas de treinamento, orienta\u00e7\u00e3o nutricional, atendimento psicol\u00f3gico e medidas preventivas para evitar o cont\u00e1gio pelo coronav\u00edrus.<\/p>\n<p>\u201cTodos n\u00f3s estamos enfrentando situa\u00e7\u00f5es at\u00edpicas em nossas rotinas, mas sabemos que os atletas requerem cuidados especiais nesse sentido. \u00c0s v\u00e9speras da competi\u00e7\u00e3o mais importante de suas vidas, eles agora est\u00e3o diante de uma s\u00e9rie de perguntas e indefini\u00e7\u00f5es. Precisamos minimizar estas situa\u00e7\u00f5es e tamb\u00e9m os preju\u00edzos f\u00edsicos\u201d, explica o diretor de Esportes do COB, Jorge Bichara.<\/p>\n<p>&nbsp;<\/p>\n<p><strong>Fonte:\u00a0<\/strong>COB<\/p>\n","protected":false},"excerpt":{"rendered":"<p>O crescimento vertiginoso do n\u00famero de pessoas infectadas pelo novo coronav\u00edrus (COVID-19) no pa\u00eds tem provocado uma s\u00e9rie de mudan\u00e7as na rotina da popula\u00e7\u00e3o brasileira nos \u00faltimos dias. O Comit\u00ea Ol\u00edmpico do Brasil (COB), como n\u00e3o poderia ser diferente, tem seguido as recomenda\u00e7\u00f5es de \u00f3rg\u00e3os governamentais e da Organiza\u00e7\u00e3o Mundial da Sa\u00fade (OMS) em um [&hellip;]<\/p>\n","protected":false},"author":96,"featured_media":157104,"comment_status":"closed","ping_status":"closed","sticky":false,"template":"","format":"standard","meta":{"footnotes":""},"categories":[436,257,439],"tags":[],"class_list":["post-157103","post","type-post","status-publish","format-standard","has-post-thumbnail","hentry","category-destaque-da-semana","category-esporte","category-ultima-hora"],"_links":{"self":[{"href":"https:\/\/diarioregionaldigital.com.br\/index.php?rest_route=\/wp\/v2\/posts\/157103","targetHints":{"allow":["GET"]}}],"collection":[{"href":"https:\/\/diarioregionaldigital.com.br\/index.php?rest_route=\/wp\/v2\/posts"}],"about":[{"href":"https:\/\/diarioregionaldigital.com.br\/index.php?rest_route=\/wp\/v2\/types\/post"}],"author":[{"embeddable":true,"href":"https:\/\/diarioregionaldigital.com.br\/index.php?rest_route=\/wp\/v2\/users\/96"}],"replies":[{"embeddable":true,"href":"https:\/\/diarioregionaldigital.com.br\/index.php?rest_route=%2Fwp%2Fv2%2Fcomments&post=157103"}],"version-history":[{"count":0,"href":"https:\/\/diarioregionaldigital.com.br\/index.php?rest_route=\/wp\/v2\/posts\/157103\/revisions"}],"wp:featuredmedia":[{"embeddable":true,"href":"https:\/\/diarioregionaldigital.com.br\/index.php?rest_route=\/wp\/v2\/media\/157104"}],"wp:attachment":[{"href":"https:\/\/diarioregionaldigital.com.br\/index.php?rest_route=%2Fwp%2Fv2%2Fmedia&parent=157103"}],"wp:term":[{"taxonomy":"category","embeddable":true,"href":"https:\/\/diarioregionaldigital.com.br\/index.php?rest_route=%2Fwp%2Fv2%2Fcategories&post=157103"},{"taxonomy":"post_tag","embeddable":true,"href":"https:\/\/diarioregionaldigital.com.br\/index.php?rest_route=%2Fwp%2Fv2%2Ftags&post=157103"}],"curies":[{"name":"wp","href":"https:\/\/api.w.org\/{rel}","templated":true}]}}