{"id":157100,"date":"2020-03-19T14:14:02","date_gmt":"2020-03-19T17:14:02","guid":{"rendered":"https:\/\/diarioregionaldigital.com.br\/?p=157100"},"modified":"2020-03-19T14:14:02","modified_gmt":"2020-03-19T17:14:02","slug":"romeu-zema-e-secretarios-esclarecem-medidas-e-impactos-sobre-o-coronavirus-em-minas-gerais","status":"publish","type":"post","link":"https:\/\/diarioregionaldigital.com.br\/?p=157100","title":{"rendered":"Romeu Zema e secret\u00e1rios esclarecem medidas e impactos  sobre o coronav\u00edrus em Minas Gerais"},"content":{"rendered":"<p>O governador Romeu Zema esclareceu, na tarde dessa quarta-feira (18), as principais medidas adotadas pelo Estado at\u00e9 o momento para conter a epidemia do coronav\u00edrus em Minas Gerais. O pronunciamento foi transmitido ao vivo nas redes sociais, como forma de evitar aglomera\u00e7\u00f5es f\u00edsicas, e contou com a presen\u00e7a do secret\u00e1rio de Sa\u00fade, Carlos Eduardo Amaral, do secret\u00e1rio de Justi\u00e7a e Seguran\u00e7a P\u00fablica, general Mario Araujo, e da secret\u00e1ria adjunta de Planejamento e Gest\u00e3o, Luisa Barreto.<\/p>\n<p>Al\u00e9m de tirar d\u00favidas de jornalistas sobre as a\u00e7\u00f5es do Estado na conten\u00e7\u00e3o do v\u00edrus e dos impactos provocados pela crise, o governador refor\u00e7ou a import\u00e2ncia de a popula\u00e7\u00e3o se implicar adotando medidas preventivas. Ele fez um pedido, especialmente aos jovens, para que redobrem os cuidados e contribuam para preservar a sa\u00fade dos grupos de risco.<\/p>\n<p>\u201cTenho estudado intensamente o que tem acontecido em outros pa\u00edses que deram errado, como \u00e9 o caso da It\u00e1lia, em que j\u00e1 foram registradas milhares de mortes. O que acontece, muitas vezes, \u00e9 que o jovem tem o sistema imunol\u00f3gico muito mais forte, ent\u00e3o ele contrai o v\u00edrus e \u00e0s vezes n\u00e3o apresenta nenhum sintoma, podendo transmitir para seus pais, seus av\u00f3s, tios-av\u00f3s e outros parentes mais velhos, at\u00e9 mesmo sem saber. Ent\u00e3o, o jovem, principalmente, precisa ter um zelo maior. E vale lembrar que, infelizmente, no Brasil n\u00e3o temos acesso a exames em massa, e eles j\u00e1 est\u00e3o em falta. Ent\u00e3o, um jovem, mesmo que tenha sintomas, talvez tenha dificuldades para fazer exames e ter a certeza de que contraiu o v\u00edrus. Por isso, o ideal \u00e9 se preservar\u201d, disse.<\/p>\n<p>Romeu Zema tamb\u00e9m fez um apelo aos prefeitos, para que atuem junto ao Executivo estadual de acordo com as demandas espec\u00edficas de cada regi\u00e3o.<\/p>\n<p>\u201cCada cidade tem as suas particularidades, e cada prefeito tem de n\u00e3o s\u00f3 ser o exemplo, mas tamb\u00e9m tomar a\u00e7\u00f5es locais, principalmente no que diz respeito ao funcionalismo p\u00fablico, \u00e0s escolas municipais, a tudo o que est\u00e1 sob sua gest\u00e3o. O trabalho do setor p\u00fablico estadual \u00e9 importante, mas o do prefeito tamb\u00e9m. Ele est\u00e1 muito mais pr\u00f3ximo da popula\u00e7\u00e3o e tem muito mais condi\u00e7\u00e3o de acompanhar aquilo que efetivamente acontece e est\u00e1 afetando a sua cidade\u201d, destacou.<\/p>\n<p>&nbsp;<\/p>\n<p>Veja, abaixo, alguns trechos das explica\u00e7\u00f5es dadas pelo Executivo mineiro acerca das a\u00e7\u00f5es relacionadas ao Covid-19:<\/p>\n<p>&nbsp;<\/p>\n<p><strong>Por que o Estado decretou que somente escolas da macroregi\u00e3o Central e do Tri\u00e2ngulo Norte ficar\u00e3o fechadas?<\/strong><\/p>\n<p>Neste momento, \u00e9 onde h\u00e1 maior incid\u00eancia de casos e tamb\u00e9m transmiss\u00e3o comunit\u00e1ria. Vale lembrar que o fechamento durante o dia de hoje (18), quinta-feira, sexta, s\u00e1bado e domingo \u00e9 uma medida preliminar. Na sexta-feira (20), vamos dar uma nova informa\u00e7\u00e3o que provavelmente ser\u00e1 por suspender as aulas at\u00e9 o final de mar\u00e7o ou abril. Lembrando que isso ainda \u00e9 uma previs\u00e3o, vamos confirmar na sexta-feira. A Secretaria de Educa\u00e7\u00e3o est\u00e1 trabalhando para que os alunos possam estudar de forma n\u00e3o presencial. Sabemos que alguns alunos t\u00eam facilidade de ter internet, conseguem fazer e enviar as suas atividades digitalmente, outros n\u00e3o, e a escola dever\u00e1 fornecer o material para que os alunos fa\u00e7am em casa e devolvam. As escolas permanecer\u00e3o abertas, mas muito provavelmente sem aulas a partir da pr\u00f3xima semana.<\/p>\n<p>&nbsp;<\/p>\n<p><strong>O n\u00famero de leitos que existem atualmente em Minas Gerais \u00e9 suficiente para atender a demanda?<\/strong><\/p>\n<p>Hoje, no Sistema \u00danico de Sa\u00fade do Estado, n\u00f3s temos aproximadamente 2.800 leitos de UTI&#8217;s e a taxa de ocupa\u00e7\u00e3o desses leitos, em tempos normais, \u00e9 de aproximadamente 73%. N\u00f3s j\u00e1 vamos iniciar medidas que v\u00e3o fazer com que essa taxa de ocupa\u00e7\u00e3o diminua, porque muitas cirurgias s\u00e3o planejadas. Ou seja, quem est\u00e1 agendado para operar na semana que vem, muitas vezes pode esperar para ser operado numa data mais \u00e0 frente. N\u00f3s queremos que mais leitos de UTI&#8217;s fiquem disponibilizados neste momento complicado, em que o n\u00famero de demandas deve subir muito.<\/p>\n<p>&nbsp;<\/p>\n<p><strong>Quando \u00e9 recomendado fazer os exames que identificam a presen\u00e7a do v\u00edrus?<\/strong><\/p>\n<p>O exame \u00e9 indicado para aquelas pessoas que est\u00e3o no grupo de risco e que t\u00eam sintomas. De uma forma geral, uma pessoa completamente assintom\u00e1tica, a gente entende dentro da rede p\u00fablica que n\u00e3o devemos indicar fazer o exame. Por outro lado, na rede particular temos tr\u00eas laborat\u00f3rios que s\u00e3o certificados pela Funed. Aquelas pessoas que t\u00eam sintoma e que tiveram contato ou com algu\u00e9m que veio do exterior ou da \u00e1rea de risco (S\u00e3o Paulo, Rio de Janeiro e agora Belo Horizonte), ou pessoas que t\u00eam contato com familiar que teve diagn\u00f3stico cl\u00ednico, possuem indica\u00e7\u00e3o de fazer no atual momento o exame e deve procurar a rede p\u00fablica para ser orientada sobre onde esse material ser\u00e1 colhido.<\/p>\n<p>&nbsp;<\/p>\n<p><strong>Como o governo tem agido para evitar a prolifera\u00e7\u00e3o do Covid-19 no interior do estado?<\/strong><\/p>\n<p>O cuidado com o interior, de forma geral, \u00e9 o mesmo com a capital. S\u00e3o cuidados de preven\u00e7\u00e3o. Temos trabalhado, de forma intensa, com rela\u00e7\u00e3o \u00e0 Educa\u00e7\u00e3o, com a suspens\u00e3o das aulas. Orientamos que quem estiver com sintomas pequenos deve evitar procurar o pronto-atendimento para n\u00e3o correr o risco de contaminar outras pessoas e nem de ser contaminado. Nos preocupamos mais com os casos graves, que ir\u00e3o para hospitais que t\u00eam refer\u00eancia, em toda a rede do SUS. Os jovens e as crian\u00e7as tendem a ter uma sintomatologia menor, ent\u00e3o muitas medidas que estamos tomando s\u00e3o para proteger, no final das contas, os idosos, para que eles n\u00e3o tenham complica\u00e7\u00f5es graves vinculadas \u00e0 infec\u00e7\u00e3o do Covid. Estamos, junto com o governo federal e os munic\u00edpios, trabalhando a quest\u00e3o do esclarecimento. As pessoas hoje t\u00eam um n\u00edvel de consci\u00eancia sobre a gravidade da situa\u00e7\u00e3o totalmente diferente daquele que elas tinham h\u00e1 a um m\u00eas. N\u00f3s sabemos que a doen\u00e7a \u00e9 facilmente transmiss\u00edvel, que o contato facilita muito, e que o grande risco est\u00e1 ligado \u00e0s pessoas mais idosas.<\/p>\n<p>&nbsp;<\/p>\n<p><strong>Fonte:\u00a0<\/strong>Ag\u00eancia Minas<\/p>\n","protected":false},"excerpt":{"rendered":"<p>O governador Romeu Zema esclareceu, na tarde dessa quarta-feira (18), as principais medidas adotadas pelo Estado at\u00e9 o momento para conter a epidemia do coronav\u00edrus em Minas Gerais. O pronunciamento foi transmitido ao vivo nas redes sociais, como forma de evitar aglomera\u00e7\u00f5es f\u00edsicas, e contou com a presen\u00e7a do secret\u00e1rio de Sa\u00fade, Carlos Eduardo Amaral, [&hellip;]<\/p>\n","protected":false},"author":96,"featured_media":157101,"comment_status":"closed","ping_status":"closed","sticky":false,"template":"","format":"standard","meta":{"footnotes":""},"categories":[436,440,252,439],"tags":[],"class_list":["post-157100","post","type-post","status-publish","format-standard","has-post-thumbnail","hentry","category-destaque-da-semana","category-destaques-do-dia","category-regiao","category-ultima-hora"],"_links":{"self":[{"href":"https:\/\/diarioregionaldigital.com.br\/index.php?rest_route=\/wp\/v2\/posts\/157100","targetHints":{"allow":["GET"]}}],"collection":[{"href":"https:\/\/diarioregionaldigital.com.br\/index.php?rest_route=\/wp\/v2\/posts"}],"about":[{"href":"https:\/\/diarioregionaldigital.com.br\/index.php?rest_route=\/wp\/v2\/types\/post"}],"author":[{"embeddable":true,"href":"https:\/\/diarioregionaldigital.com.br\/index.php?rest_route=\/wp\/v2\/users\/96"}],"replies":[{"embeddable":true,"href":"https:\/\/diarioregionaldigital.com.br\/index.php?rest_route=%2Fwp%2Fv2%2Fcomments&post=157100"}],"version-history":[{"count":0,"href":"https:\/\/diarioregionaldigital.com.br\/index.php?rest_route=\/wp\/v2\/posts\/157100\/revisions"}],"wp:featuredmedia":[{"embeddable":true,"href":"https:\/\/diarioregionaldigital.com.br\/index.php?rest_route=\/wp\/v2\/media\/157101"}],"wp:attachment":[{"href":"https:\/\/diarioregionaldigital.com.br\/index.php?rest_route=%2Fwp%2Fv2%2Fmedia&parent=157100"}],"wp:term":[{"taxonomy":"category","embeddable":true,"href":"https:\/\/diarioregionaldigital.com.br\/index.php?rest_route=%2Fwp%2Fv2%2Fcategories&post=157100"},{"taxonomy":"post_tag","embeddable":true,"href":"https:\/\/diarioregionaldigital.com.br\/index.php?rest_route=%2Fwp%2Fv2%2Ftags&post=157100"}],"curies":[{"name":"wp","href":"https:\/\/api.w.org\/{rel}","templated":true}]}}