{"id":157091,"date":"2020-03-19T14:08:00","date_gmt":"2020-03-19T17:08:00","guid":{"rendered":"https:\/\/diarioregionaldigital.com.br\/?p=157091"},"modified":"2020-03-19T14:08:00","modified_gmt":"2020-03-19T17:08:00","slug":"petrobras-reduz-preco-da-gasolina-do-diesel-e-do-gas-de-cozinha","status":"publish","type":"post","link":"https:\/\/diarioregionaldigital.com.br\/?p=157091","title":{"rendered":"Petrobras reduz pre\u00e7o da gasolina, do diesel e do g\u00e1s de cozinha"},"content":{"rendered":"<p>A Petrobras anunciou, nessa quarta-feira (18), a redu\u00e7\u00e3o nos pre\u00e7os do litro da gasolina, em 12%, do diesel, em 7,5% e do g\u00e1s de cozinha (GLP), em 5%. Os valores referem-se aos produtos vendido pelas refinarias da estatal e valer\u00e3o a partir desta quinta-feira (19).<\/p>\n<p>Os valores finais aos motoristas depender\u00e3o de cada posto e distribuidor de GLP, que acrescem impostos, taxas, custos com m\u00e3o de obra. Al\u00e9m disso, o mercado brasileiro \u00e9 baseado na livre concorr\u00eancia, fazendo com que cada empresa cobre o que achar melhor, segundo explica a Petrobras.<\/p>\n<p>\u201cOs pre\u00e7os para a gasolina e o diesel vendidos \u00e0s distribuidoras t\u00eam como base o pre\u00e7o de paridade de importa\u00e7\u00e3o, formado pelas cota\u00e7\u00f5es internacionais destes produtos mais os custos que importadores teriam, como transporte e taxas portu\u00e1rias, por exemplo. A paridade \u00e9 necess\u00e1ria porque o mercado brasileiro de combust\u00edveis \u00e9 aberto \u00e0 livre concorr\u00eancia, dando \u00e0s distribuidoras a alternativa de importar os produtos. Al\u00e9m disso, o pre\u00e7o considera uma margem que cobre os riscos (como volatilidade do c\u00e2mbio e dos pre\u00e7os).\u201d<\/p>\n<p>De acordo com pesquisa semanal da Ag\u00eancia Nacional do Petr\u00f3leo, G\u00e1s Natural e Biocombust\u00edveis (ANP), entre os dias 8 e 14 de mar\u00e7o, os pre\u00e7os m\u00e9dios ao consumidor no pa\u00eds para a gasolina era de R$ 4,515. Para o diesel, o pre\u00e7o m\u00e9dio era de R$ 3,618. E para o GLP, botij\u00e3o de 13kg, R$ 69,98.<\/p>\n<p>A Petrobras lembra tamb\u00e9m que a gasolina e o diesel vendidos \u00e0s distribuidoras s\u00e3o diferentes dos produtos no posto de combust\u00edveis. S\u00e3o os combust\u00edveis tipo &#8220;A&#8221;, ou seja, gasolina antes da sua combina\u00e7\u00e3o com o etanol e diesel tamb\u00e9m sem adi\u00e7\u00e3o de biodiesel. Os produtos vendidos nas bombas ao consumidor final s\u00e3o formados a partir do tipo &#8220;A&#8221; misturados a biocombust\u00edveis.<\/p>\n<p>&nbsp;<\/p>\n<p><strong>Fonte:\u00a0<\/strong>Ag\u00eancia Brasil<\/p>\n","protected":false},"excerpt":{"rendered":"<p>A Petrobras anunciou, nessa quarta-feira (18), a redu\u00e7\u00e3o nos pre\u00e7os do litro da gasolina, em 12%, do diesel, em 7,5% e do g\u00e1s de cozinha (GLP), em 5%. Os valores referem-se aos produtos vendido pelas refinarias da estatal e valer\u00e3o a partir desta quinta-feira (19). Os valores finais aos motoristas depender\u00e3o de cada posto e [&hellip;]<\/p>\n","protected":false},"author":96,"featured_media":157092,"comment_status":"closed","ping_status":"closed","sticky":false,"template":"","format":"standard","meta":{"footnotes":""},"categories":[436,261,439],"tags":[],"class_list":["post-157091","post","type-post","status-publish","format-standard","has-post-thumbnail","hentry","category-destaque-da-semana","category-economia","category-ultima-hora"],"_links":{"self":[{"href":"https:\/\/diarioregionaldigital.com.br\/index.php?rest_route=\/wp\/v2\/posts\/157091","targetHints":{"allow":["GET"]}}],"collection":[{"href":"https:\/\/diarioregionaldigital.com.br\/index.php?rest_route=\/wp\/v2\/posts"}],"about":[{"href":"https:\/\/diarioregionaldigital.com.br\/index.php?rest_route=\/wp\/v2\/types\/post"}],"author":[{"embeddable":true,"href":"https:\/\/diarioregionaldigital.com.br\/index.php?rest_route=\/wp\/v2\/users\/96"}],"replies":[{"embeddable":true,"href":"https:\/\/diarioregionaldigital.com.br\/index.php?rest_route=%2Fwp%2Fv2%2Fcomments&post=157091"}],"version-history":[{"count":0,"href":"https:\/\/diarioregionaldigital.com.br\/index.php?rest_route=\/wp\/v2\/posts\/157091\/revisions"}],"wp:featuredmedia":[{"embeddable":true,"href":"https:\/\/diarioregionaldigital.com.br\/index.php?rest_route=\/wp\/v2\/media\/157092"}],"wp:attachment":[{"href":"https:\/\/diarioregionaldigital.com.br\/index.php?rest_route=%2Fwp%2Fv2%2Fmedia&parent=157091"}],"wp:term":[{"taxonomy":"category","embeddable":true,"href":"https:\/\/diarioregionaldigital.com.br\/index.php?rest_route=%2Fwp%2Fv2%2Fcategories&post=157091"},{"taxonomy":"post_tag","embeddable":true,"href":"https:\/\/diarioregionaldigital.com.br\/index.php?rest_route=%2Fwp%2Fv2%2Ftags&post=157091"}],"curies":[{"name":"wp","href":"https:\/\/api.w.org\/{rel}","templated":true}]}}