{"id":157080,"date":"2020-03-19T06:00:04","date_gmt":"2020-03-19T09:00:04","guid":{"rendered":"https:\/\/diarioregionaldigital.com.br\/?p=157080"},"modified":"2020-03-18T21:36:37","modified_gmt":"2020-03-19T00:36:37","slug":"mulheres","status":"publish","type":"post","link":"https:\/\/diarioregionaldigital.com.br\/?p=157080","title":{"rendered":"Mulheres"},"content":{"rendered":"<p style=\"text-align: center;\"><strong>Seguran\u00e7a<\/strong><\/p>\n<p style=\"text-align: center;\">Para tranquilidade de lojas e empresas, mais da metade dos im\u00f3veis comerciais vistoriados pelo 4\u00ba Batalh\u00e3o do Corpo de Bombeiros apresentaram alguma irregularidade na preven\u00e7\u00e3o de inc\u00eandio e p\u00e2nico e foram alertados. Conforme balan\u00e7o, das 114 edifica\u00e7\u00f5es fiscalizadas em Juiz de Fora, Ub\u00e1, Muria\u00e9, Vi\u00e7osa e Leopoldina na primeira opera\u00e7\u00e3o Alerta Vermelho do ano, 73 estavam irregulares e 41 estavam de acordo com as normas.<\/p>\n<p style=\"text-align: center;\"><strong>Olha S\u00f3<\/strong><\/p>\n<p style=\"text-align: center;\">A Petrobras tem hoje cerca de 80 mil funcion\u00e1rios deste total, 33 mil s\u00e3o terceirizados. Roberto Castelo Branco o presidente da estatal, acha um n\u00famero excessivo. Pretende enxugar o quadro para uns 50 mil em dois anos.<\/p>\n<p style=\"text-align: center;\"><strong>Modernidade<\/strong><\/p>\n<p style=\"text-align: center;\">O M-commerce (\u2018com\u00e9rcio m\u00f3vel\u2019) est\u00e1 fazendo o sucesso de muita gente. O efeito \u00e9 t\u00e3o grande que dobrou em quatro anos. As compras e consultas por smartphones e at\u00e9 rel\u00f3gios tornam-se nicho para empresas; a log\u00edstica ainda \u00e9 um desafio j\u00e1 que 85% de internautas brasileiros em 2019 encomendaram alguma mercadoria por meio de um app ou site no smartphone.<\/p>\n<p style=\"text-align: center;\"><strong>Mulheres<\/strong><\/p>\n<p style=\"text-align: center;\">Um levantamento feito em Juiz de Fora, a partir do acompanhamento de check up de executivas nos \u00faltimos anos constatou que, ao mesmo tempo em que a mulher ganhou espa\u00e7o no mercado de trabalho sua sa\u00fade ficou cada vez mais comprometida devido ao estresse. O infarto, doen\u00e7as g\u00e1stricas e a ins\u00f4nia aumentaram entre as executivas.<\/p>\n<p style=\"text-align: center;\"><span style=\"font-size: 14pt;\"><strong>Para Refletir<\/strong><\/span><\/p>\n<p style=\"text-align: center;\">Vai chegar um tempo no qual n\u00e3o teremos mais pe\u00e7as de teatro, nem filmes, nem livros. Um tempo no qual a divulga\u00e7\u00e3o de qualquer conhecimento ou arte vai estar subordinado n\u00e3o ao conhecimento \u00e0 arte, mas ao passado do autor. Temos que reagir!<\/p>\n<div id=\"attachment_157071\" style=\"width: 690px\" class=\"wp-caption aligncenter\"><img loading=\"lazy\" decoding=\"async\" aria-describedby=\"caption-attachment-157071\" class=\"wp-image-157071\" src=\"https:\/\/diarioregionaldigital.com.br\/wp-content\/uploads\/fotoa-39-e1584576842224.jpg\" alt=\"\" width=\"680\" height=\"537\" srcset=\"https:\/\/diarioregionaldigital.com.br\/wp-content\/uploads\/fotoa-39-e1584576842224.jpg 1707w, https:\/\/diarioregionaldigital.com.br\/wp-content\/uploads\/fotoa-39-e1584576842224-300x237.jpg 300w, https:\/\/diarioregionaldigital.com.br\/wp-content\/uploads\/fotoa-39-e1584576842224-768x606.jpg 768w, https:\/\/diarioregionaldigital.com.br\/wp-content\/uploads\/fotoa-39-e1584576842224-1024x809.jpg 1024w, https:\/\/diarioregionaldigital.com.br\/wp-content\/uploads\/fotoa-39-e1584576842224-360x284.jpg 360w\" sizes=\"auto, (max-width: 680px) 100vw, 680px\" \/><p id=\"caption-attachment-157071\" class=\"wp-caption-text\">Na C\u00e2mara Municipal de Juiz de Fora o secret\u00e1rio de Governo Jos\u00e9 Soter de Figueiroa foi agraciado com o t\u00edtulo de Cidad\u00e3o Benem\u00e9rito ladeado da vereadora Ana Rossignoli e da advogada Anna Ede<\/p><\/div>\n<div id=\"attachment_157072\" style=\"width: 690px\" class=\"wp-caption aligncenter\"><img loading=\"lazy\" decoding=\"async\" aria-describedby=\"caption-attachment-157072\" class=\"wp-image-157072\" src=\"https:\/\/diarioregionaldigital.com.br\/wp-content\/uploads\/fotob-43-e1584576867495.jpg\" alt=\"\" width=\"680\" height=\"536\" srcset=\"https:\/\/diarioregionaldigital.com.br\/wp-content\/uploads\/fotob-43-e1584576867495.jpg 1693w, https:\/\/diarioregionaldigital.com.br\/wp-content\/uploads\/fotob-43-e1584576867495-300x237.jpg 300w, https:\/\/diarioregionaldigital.com.br\/wp-content\/uploads\/fotob-43-e1584576867495-768x606.jpg 768w, https:\/\/diarioregionaldigital.com.br\/wp-content\/uploads\/fotob-43-e1584576867495-1024x807.jpg 1024w, https:\/\/diarioregionaldigital.com.br\/wp-content\/uploads\/fotob-43-e1584576867495-360x284.jpg 360w\" sizes=\"auto, (max-width: 680px) 100vw, 680px\" \/><p id=\"caption-attachment-157072\" class=\"wp-caption-text\">O empres\u00e1rio Rafael Itz faz sucesso com produ\u00e7\u00e3o de shows e com o shopping da tecnologia<\/p><\/div>\n<div id=\"attachment_157073\" style=\"width: 690px\" class=\"wp-caption aligncenter\"><img loading=\"lazy\" decoding=\"async\" aria-describedby=\"caption-attachment-157073\" class=\"wp-image-157073\" src=\"https:\/\/diarioregionaldigital.com.br\/wp-content\/uploads\/fotoc-40-e1584576901722.jpg\" alt=\"\" width=\"680\" height=\"610\" srcset=\"https:\/\/diarioregionaldigital.com.br\/wp-content\/uploads\/fotoc-40-e1584576901722.jpg 1744w, https:\/\/diarioregionaldigital.com.br\/wp-content\/uploads\/fotoc-40-e1584576901722-300x269.jpg 300w, https:\/\/diarioregionaldigital.com.br\/wp-content\/uploads\/fotoc-40-e1584576901722-768x689.jpg 768w, https:\/\/diarioregionaldigital.com.br\/wp-content\/uploads\/fotoc-40-e1584576901722-1024x919.jpg 1024w, https:\/\/diarioregionaldigital.com.br\/wp-content\/uploads\/fotoc-40-e1584576901722-360x323.jpg 360w\" sizes=\"auto, (max-width: 680px) 100vw, 680px\" \/><p id=\"caption-attachment-157073\" class=\"wp-caption-text\">A bela modelo Mel Mattos, esbanja charme e jovialidade em foco de luz para esta coluna<\/p><\/div>\n<div id=\"attachment_157074\" style=\"width: 690px\" class=\"wp-caption aligncenter\"><img loading=\"lazy\" decoding=\"async\" aria-describedby=\"caption-attachment-157074\" class=\"wp-image-157074\" src=\"https:\/\/diarioregionaldigital.com.br\/wp-content\/uploads\/fotod-39-e1584576928217.jpg\" alt=\"\" width=\"680\" height=\"539\" srcset=\"https:\/\/diarioregionaldigital.com.br\/wp-content\/uploads\/fotod-39-e1584576928217.jpg 1681w, https:\/\/diarioregionaldigital.com.br\/wp-content\/uploads\/fotod-39-e1584576928217-300x238.jpg 300w, https:\/\/diarioregionaldigital.com.br\/wp-content\/uploads\/fotod-39-e1584576928217-768x609.jpg 768w, https:\/\/diarioregionaldigital.com.br\/wp-content\/uploads\/fotod-39-e1584576928217-1024x812.jpg 1024w, https:\/\/diarioregionaldigital.com.br\/wp-content\/uploads\/fotod-39-e1584576928217-360x285.jpg 360w\" sizes=\"auto, (max-width: 680px) 100vw, 680px\" \/><p id=\"caption-attachment-157074\" class=\"wp-caption-text\">O flamenguista J\u00falio Gasparette e o botafoguense Nelson J\u00fanior em cena alto astral<\/p><\/div>\n<div id=\"attachment_157075\" style=\"width: 690px\" class=\"wp-caption aligncenter\"><img loading=\"lazy\" decoding=\"async\" aria-describedby=\"caption-attachment-157075\" class=\"wp-image-157075\" src=\"https:\/\/diarioregionaldigital.com.br\/wp-content\/uploads\/fotoe-37-e1584576965954.jpg\" alt=\"\" width=\"680\" height=\"567\" srcset=\"https:\/\/diarioregionaldigital.com.br\/wp-content\/uploads\/fotoe-37-e1584576965954.jpg 1406w, https:\/\/diarioregionaldigital.com.br\/wp-content\/uploads\/fotoe-37-e1584576965954-300x250.jpg 300w, https:\/\/diarioregionaldigital.com.br\/wp-content\/uploads\/fotoe-37-e1584576965954-768x641.jpg 768w, https:\/\/diarioregionaldigital.com.br\/wp-content\/uploads\/fotoe-37-e1584576965954-1024x854.jpg 1024w, https:\/\/diarioregionaldigital.com.br\/wp-content\/uploads\/fotoe-37-e1584576965954-360x300.jpg 360w\" sizes=\"auto, (max-width: 680px) 100vw, 680px\" \/><p id=\"caption-attachment-157075\" class=\"wp-caption-text\">Nos bastidores da The Week (RJ), o coiffeur Jorge Modesto e o Dj Felipe Lira<\/p><\/div>\n<div id=\"attachment_157076\" style=\"width: 690px\" class=\"wp-caption aligncenter\"><img loading=\"lazy\" decoding=\"async\" aria-describedby=\"caption-attachment-157076\" class=\"wp-image-157076\" src=\"https:\/\/diarioregionaldigital.com.br\/wp-content\/uploads\/fotof-38-e1584577013775.jpg\" alt=\"\" width=\"680\" height=\"513\" srcset=\"https:\/\/diarioregionaldigital.com.br\/wp-content\/uploads\/fotof-38-e1584577013775.jpg 1804w, https:\/\/diarioregionaldigital.com.br\/wp-content\/uploads\/fotof-38-e1584577013775-300x226.jpg 300w, https:\/\/diarioregionaldigital.com.br\/wp-content\/uploads\/fotof-38-e1584577013775-768x579.jpg 768w, https:\/\/diarioregionaldigital.com.br\/wp-content\/uploads\/fotof-38-e1584577013775-1024x772.jpg 1024w, https:\/\/diarioregionaldigital.com.br\/wp-content\/uploads\/fotof-38-e1584577013775-360x271.jpg 360w\" sizes=\"auto, (max-width: 680px) 100vw, 680px\" \/><p id=\"caption-attachment-157076\" class=\"wp-caption-text\">Mulheres elegantes da sociedade de JF, Wanda Lisboa, Graziela Hargreaves e Em\u00edlia David<\/p><\/div>\n<div id=\"attachment_157077\" style=\"width: 690px\" class=\"wp-caption aligncenter\"><img loading=\"lazy\" decoding=\"async\" aria-describedby=\"caption-attachment-157077\" class=\"wp-image-157077\" src=\"https:\/\/diarioregionaldigital.com.br\/wp-content\/uploads\/fotog-37-e1584577041282.jpg\" alt=\"\" width=\"680\" height=\"518\" srcset=\"https:\/\/diarioregionaldigital.com.br\/wp-content\/uploads\/fotog-37-e1584577041282.jpg 1675w, https:\/\/diarioregionaldigital.com.br\/wp-content\/uploads\/fotog-37-e1584577041282-300x229.jpg 300w, https:\/\/diarioregionaldigital.com.br\/wp-content\/uploads\/fotog-37-e1584577041282-768x586.jpg 768w, https:\/\/diarioregionaldigital.com.br\/wp-content\/uploads\/fotog-37-e1584577041282-1024x781.jpg 1024w, https:\/\/diarioregionaldigital.com.br\/wp-content\/uploads\/fotog-37-e1584577041282-360x274.jpg 360w\" sizes=\"auto, (max-width: 680px) 100vw, 680px\" \/><p id=\"caption-attachment-157077\" class=\"wp-caption-text\">No M\u00eas da Mulher, as homenageadas da Guarda Mirim JF, Aurea Almeida, Leandra Guerra e a ex-presidente Denise Resende<\/p><\/div>\n<div id=\"attachment_157078\" style=\"width: 690px\" class=\"wp-caption aligncenter\"><img loading=\"lazy\" decoding=\"async\" aria-describedby=\"caption-attachment-157078\" class=\"wp-image-157078\" src=\"https:\/\/diarioregionaldigital.com.br\/wp-content\/uploads\/fotoh-31-e1584577073115.jpg\" alt=\"\" width=\"680\" height=\"469\" srcset=\"https:\/\/diarioregionaldigital.com.br\/wp-content\/uploads\/fotoh-31-e1584577073115.jpg 2463w, https:\/\/diarioregionaldigital.com.br\/wp-content\/uploads\/fotoh-31-e1584577073115-300x207.jpg 300w, https:\/\/diarioregionaldigital.com.br\/wp-content\/uploads\/fotoh-31-e1584577073115-768x529.jpg 768w, https:\/\/diarioregionaldigital.com.br\/wp-content\/uploads\/fotoh-31-e1584577073115-1024x706.jpg 1024w, https:\/\/diarioregionaldigital.com.br\/wp-content\/uploads\/fotoh-31-e1584577073115-360x248.jpg 360w, https:\/\/diarioregionaldigital.com.br\/wp-content\/uploads\/fotoh-31-e1584577073115-100x70.jpg 100w\" sizes=\"auto, (max-width: 680px) 100vw, 680px\" \/><p id=\"caption-attachment-157078\" class=\"wp-caption-text\">Marcando presen\u00e7a no C\u00edrculo Militar, os jovens: Ana Teresa Macedo, Gloria Nascimento, \u00c2ngela Caroline Macedo e Victor Fierro<\/p><\/div>\n<div id=\"attachment_157079\" style=\"width: 690px\" class=\"wp-caption aligncenter\"><img loading=\"lazy\" decoding=\"async\" aria-describedby=\"caption-attachment-157079\" class=\"wp-image-157079\" src=\"https:\/\/diarioregionaldigital.com.br\/wp-content\/uploads\/fotoi-35-e1584577433636.jpg\" alt=\"\" width=\"680\" height=\"469\" srcset=\"https:\/\/diarioregionaldigital.com.br\/wp-content\/uploads\/fotoi-35-e1584577433636.jpg 2346w, https:\/\/diarioregionaldigital.com.br\/wp-content\/uploads\/fotoi-35-e1584577433636-300x207.jpg 300w, https:\/\/diarioregionaldigital.com.br\/wp-content\/uploads\/fotoi-35-e1584577433636-768x530.jpg 768w, https:\/\/diarioregionaldigital.com.br\/wp-content\/uploads\/fotoi-35-e1584577433636-1024x707.jpg 1024w, https:\/\/diarioregionaldigital.com.br\/wp-content\/uploads\/fotoi-35-e1584577433636-360x248.jpg 360w, https:\/\/diarioregionaldigital.com.br\/wp-content\/uploads\/fotoi-35-e1584577433636-100x70.jpg 100w\" sizes=\"auto, (max-width: 680px) 100vw, 680px\" \/><p id=\"caption-attachment-157079\" class=\"wp-caption-text\">Homens de atitude no almo\u00e7o do Baluarte Carlos Sacchi, Wesley Monteiro, M\u00e1rcio Marques e Ricardo Alex<\/p><\/div>\n<p style=\"text-align: center;\"><strong>FOTOSS\u00cdNTESE<\/strong><\/p>\n<p>Aten\u00e7\u00e3o: todos os eventos musicais e culturais anunciados nesta p\u00e1gina foram adiados por causa do coronavirus.<\/p>\n<p>Em ritmo de cada foto \u00e9 um flasch, segue at\u00e9 22 de mar\u00e7o, o 10\u00ba Festival de Fotografias de Tiradentes (MG). A sugest\u00e3o deste colunista \u00e9 hospedar na Pousada Villeto, na rua Direita.<\/p>\n<p>Segue ate o dia 21 de mar\u00e7o no Timboo o evento St. Patrick Week. A comemora\u00e7\u00e3o \u00e9 com chopes Timboo, card\u00e1pio incr\u00edvel e muitas atra\u00e7\u00f5es. O bat-local \u00e9 na rua Dona Zely Lage, n\u00ba 35, Passos.<\/p>\n<p>Na quinta-feira de quaresma, a Quinta Instrumental do Bar Uthopia apresenta o genial m\u00fasico Dudu Lima.<\/p>\n<p>Para a sexta-feira (20), vai ter barulho na Arteria com os geniais m\u00fasicos da banda Martiataka com sonoridade ac\u00fastica.<\/p>\n<p>O Theatro Central estar\u00e1 todo iluminado no dia 21 de mar\u00e7o (s\u00e1bado), \u00e0s 16h, para o lindo show do Bita- \u201cDentro do mundo l\u00e1 Fora\u201d Imperd\u00edvel.<\/p>\n<p>A Empraba lan\u00e7ou edital de at\u00e9 R$1,5 milh\u00f5es para projeto de inova\u00e7\u00e3o para celebrar parcerias com empresas de base tecnol\u00f3gicas e produtores rurais.<\/p>\n<p>Aviso:\u201d E preciso transbordar, sair da mera superf\u00edcie pra potencialmente ser\u201d. (Vinicius Crist\u00f3v\u00e3o \u2013 ator e diretor teatral).<\/p>\n<p><img loading=\"lazy\" decoding=\"async\" class=\"aligncenter size-full wp-image-157022\" src=\"https:\/\/diarioregionaldigital.com.br\/wp-content\/uploads\/anuncio23.jpg\" alt=\"\" width=\"3521\" height=\"1348\" srcset=\"https:\/\/diarioregionaldigital.com.br\/wp-content\/uploads\/anuncio23.jpg 3521w, https:\/\/diarioregionaldigital.com.br\/wp-content\/uploads\/anuncio23-300x115.jpg 300w, https:\/\/diarioregionaldigital.com.br\/wp-content\/uploads\/anuncio23-768x294.jpg 768w, https:\/\/diarioregionaldigital.com.br\/wp-content\/uploads\/anuncio23-1024x392.jpg 1024w, https:\/\/diarioregionaldigital.com.br\/wp-content\/uploads\/anuncio23-360x138.jpg 360w\" sizes=\"auto, (max-width: 3521px) 100vw, 3521px\" \/><\/p>\n","protected":false},"excerpt":{"rendered":"<p>Seguran\u00e7a Para tranquilidade de lojas e empresas, mais da metade dos im\u00f3veis comerciais vistoriados pelo 4\u00ba Batalh\u00e3o do Corpo de Bombeiros apresentaram alguma irregularidade na preven\u00e7\u00e3o de inc\u00eandio e p\u00e2nico e foram alertados. Conforme balan\u00e7o, das 114 edifica\u00e7\u00f5es fiscalizadas em Juiz de Fora, Ub\u00e1, Muria\u00e9, Vi\u00e7osa e Leopoldina na primeira opera\u00e7\u00e3o Alerta Vermelho do ano, [&hellip;]<\/p>\n","protected":false},"author":96,"featured_media":157071,"comment_status":"closed","ping_status":"closed","sticky":false,"template":"","format":"standard","meta":{"footnotes":""},"categories":[264],"tags":[],"class_list":["post-157080","post","type-post","status-publish","format-standard","has-post-thumbnail","hentry","category-eduardo-gomes"],"_links":{"self":[{"href":"https:\/\/diarioregionaldigital.com.br\/index.php?rest_route=\/wp\/v2\/posts\/157080","targetHints":{"allow":["GET"]}}],"collection":[{"href":"https:\/\/diarioregionaldigital.com.br\/index.php?rest_route=\/wp\/v2\/posts"}],"about":[{"href":"https:\/\/diarioregionaldigital.com.br\/index.php?rest_route=\/wp\/v2\/types\/post"}],"author":[{"embeddable":true,"href":"https:\/\/diarioregionaldigital.com.br\/index.php?rest_route=\/wp\/v2\/users\/96"}],"replies":[{"embeddable":true,"href":"https:\/\/diarioregionaldigital.com.br\/index.php?rest_route=%2Fwp%2Fv2%2Fcomments&post=157080"}],"version-history":[{"count":0,"href":"https:\/\/diarioregionaldigital.com.br\/index.php?rest_route=\/wp\/v2\/posts\/157080\/revisions"}],"wp:featuredmedia":[{"embeddable":true,"href":"https:\/\/diarioregionaldigital.com.br\/index.php?rest_route=\/wp\/v2\/media\/157071"}],"wp:attachment":[{"href":"https:\/\/diarioregionaldigital.com.br\/index.php?rest_route=%2Fwp%2Fv2%2Fmedia&parent=157080"}],"wp:term":[{"taxonomy":"category","embeddable":true,"href":"https:\/\/diarioregionaldigital.com.br\/index.php?rest_route=%2Fwp%2Fv2%2Fcategories&post=157080"},{"taxonomy":"post_tag","embeddable":true,"href":"https:\/\/diarioregionaldigital.com.br\/index.php?rest_route=%2Fwp%2Fv2%2Ftags&post=157080"}],"curies":[{"name":"wp","href":"https:\/\/api.w.org\/{rel}","templated":true}]}}