{"id":157064,"date":"2020-03-18T14:45:13","date_gmt":"2020-03-18T17:45:13","guid":{"rendered":"https:\/\/diarioregionaldigital.com.br\/?p=157064"},"modified":"2020-03-18T14:45:13","modified_gmt":"2020-03-18T17:45:13","slug":"tupi-suspende-atividades-ate-a-proxima-semana","status":"publish","type":"post","link":"https:\/\/diarioregionaldigital.com.br\/?p=157064","title":{"rendered":"Tupi suspende atividades at\u00e9 a pr\u00f3xima semana"},"content":{"rendered":"<p>O Presidente do Tupi, Juninho, anunciou a suspens\u00e3o de suas atividades para o restante da semana, em prol do Coronav\u00edrus. A decis\u00e3o foi tomada ap\u00f3s a confirma\u00e7\u00e3o de que tr\u00eas jogadores do elenco e tamb\u00e9m o pr\u00f3prio Presidente, apresentaram sintomas compat\u00edveis com as da doen\u00e7a:<\/p>\n<p>\u201cForam tr\u00eas jogadores e a minha pr\u00f3pria pessoa. Estive tossindo muito, os atletas tiveram febre e gripe\u201d.<\/p>\n<p>Durante um v\u00eddeo postado em uma rede social do Galo Carij\u00f3, Juninho destacou a import\u00e2ncia dos treinamentos, mas ressalta a import\u00e2ncia de suspender a programa\u00e7\u00e3o, visando a sa\u00fade de todos que trabalham no clube:<\/p>\n<p>\u201cA gente fala muito em intensificar treinamentos e atingir uma melhor condi\u00e7\u00e3o f\u00edsica, mas estamos esquecendo um pouco da dignidade humana. Seria muito complicado continuarmos com esses treinamentos e amanh\u00e3 alguns dos nossos atletas e membros da comiss\u00e3o t\u00e9cnica ficassem doentes\u201d.<\/p>\n<p>No final do v\u00eddeo, Juninho destaca a import\u00e2ncia no combate ao Coronav\u00edrus:<\/p>\n<p>\u201cPe\u00e7o aos meus amigos, meus companheiros que trabalham no esporte, vamos suspender as atividades, vamos ajudar a n\u00f3s mesmos a combater essa epidemia. O Tupi faz a sua parte, vamos suspender nossas atividades at\u00e9 a pr\u00f3xima semana e caso seja necess\u00e1rio, vamos estender essa suspens\u00e3o\u201d.<\/p>\n<p>Nessa semana, a Federa\u00e7\u00e3o Mineira de Futebol, anunciou que todos os jogos dos M\u00f3dulos I e II do Campeonato Mineiro, est\u00e3o suspensos por tempo indeterminado.<\/p>\n<p>&nbsp;<\/p>\n","protected":false},"excerpt":{"rendered":"<p>O Presidente do Tupi, Juninho, anunciou a suspens\u00e3o de suas atividades para o restante da semana, em prol do Coronav\u00edrus. A decis\u00e3o foi tomada ap\u00f3s a confirma\u00e7\u00e3o de que tr\u00eas jogadores do elenco e tamb\u00e9m o pr\u00f3prio Presidente, apresentaram sintomas compat\u00edveis com as da doen\u00e7a: \u201cForam tr\u00eas jogadores e a minha pr\u00f3pria pessoa. Estive tossindo [&hellip;]<\/p>\n","protected":false},"author":96,"featured_media":157065,"comment_status":"closed","ping_status":"closed","sticky":false,"template":"","format":"standard","meta":{"footnotes":""},"categories":[436,257,439],"tags":[],"class_list":["post-157064","post","type-post","status-publish","format-standard","has-post-thumbnail","hentry","category-destaque-da-semana","category-esporte","category-ultima-hora"],"_links":{"self":[{"href":"https:\/\/diarioregionaldigital.com.br\/index.php?rest_route=\/wp\/v2\/posts\/157064","targetHints":{"allow":["GET"]}}],"collection":[{"href":"https:\/\/diarioregionaldigital.com.br\/index.php?rest_route=\/wp\/v2\/posts"}],"about":[{"href":"https:\/\/diarioregionaldigital.com.br\/index.php?rest_route=\/wp\/v2\/types\/post"}],"author":[{"embeddable":true,"href":"https:\/\/diarioregionaldigital.com.br\/index.php?rest_route=\/wp\/v2\/users\/96"}],"replies":[{"embeddable":true,"href":"https:\/\/diarioregionaldigital.com.br\/index.php?rest_route=%2Fwp%2Fv2%2Fcomments&post=157064"}],"version-history":[{"count":0,"href":"https:\/\/diarioregionaldigital.com.br\/index.php?rest_route=\/wp\/v2\/posts\/157064\/revisions"}],"wp:featuredmedia":[{"embeddable":true,"href":"https:\/\/diarioregionaldigital.com.br\/index.php?rest_route=\/wp\/v2\/media\/157065"}],"wp:attachment":[{"href":"https:\/\/diarioregionaldigital.com.br\/index.php?rest_route=%2Fwp%2Fv2%2Fmedia&parent=157064"}],"wp:term":[{"taxonomy":"category","embeddable":true,"href":"https:\/\/diarioregionaldigital.com.br\/index.php?rest_route=%2Fwp%2Fv2%2Fcategories&post=157064"},{"taxonomy":"post_tag","embeddable":true,"href":"https:\/\/diarioregionaldigital.com.br\/index.php?rest_route=%2Fwp%2Fv2%2Ftags&post=157064"}],"curies":[{"name":"wp","href":"https:\/\/api.w.org\/{rel}","templated":true}]}}