{"id":157058,"date":"2020-03-18T14:42:20","date_gmt":"2020-03-18T17:42:20","guid":{"rendered":"https:\/\/diarioregionaldigital.com.br\/?p=157058"},"modified":"2020-03-18T14:42:20","modified_gmt":"2020-03-18T17:42:20","slug":"equipes-discutem-ajustes-do-calendario-da-f1","status":"publish","type":"post","link":"https:\/\/diarioregionaldigital.com.br\/?p=157058","title":{"rendered":"Equipes discutem ajustes do calend\u00e1rio da F1"},"content":{"rendered":"<p>Os dez times da F1 discutem nesta quinta-feira (19), os reajustes do novo calend\u00e1rio da temporada de 2020. Todos os chefes de equipe se reunir\u00e3o atrav\u00e9s de videoconfer\u00eancia para tratar do assunto, ap\u00f3s o cancelamento do GP da Austr\u00e1lia e adiamento de outras tr\u00eas corridas, em decorr\u00eancia da epidemia do Coronav\u00edrus: Bahrein, China e Vietn\u00e3.<\/p>\n<p>O regulamento prev\u00ea que o calend\u00e1rio deve ser aprovado sempre no dia 1\u00ba de janeiro de cana ano. Em caso de altera\u00e7\u00f5es das datas e locais das provas, a vota\u00e7\u00e3o deve ser un\u00e2nime, ou seja: todas as equipes t\u00eam que concordar com a aprova\u00e7\u00e3o.<\/p>\n<p>A princ\u00edpio a temporada deve iniciar no m\u00eas de maio, resta saber se a etapa de abertura ser\u00e1 na Holanda ou em M\u00f4naco. A reuni\u00e3o tamb\u00e9m ir\u00e1 decidir sobre o encaixe das outras provas adiadas.<\/p>\n<p>&nbsp;<\/p>\n<p><strong>F\u00e9rias de ver\u00e3o<\/strong><\/p>\n<p><strong>\u00a0<\/strong>Todo ano, mais especificamente no m\u00eas de agosto, os pilotos e as equipes fazem uma pausa para as f\u00e9rias de ver\u00e3o. No entanto, a Federa\u00e7\u00e3o Internacional de Automobilismo (FIA), anunciou nesta quarta-feira (18), que esta pausa foi antecipada para o per\u00edodo entre mar\u00e7o e abril. Com isso, abriu espa\u00e7o para reagendar as corridas adiadas.<\/p>\n","protected":false},"excerpt":{"rendered":"<p>Os dez times da F1 discutem nesta quinta-feira (19), os reajustes do novo calend\u00e1rio da temporada de 2020. Todos os chefes de equipe se reunir\u00e3o atrav\u00e9s de videoconfer\u00eancia para tratar do assunto, ap\u00f3s o cancelamento do GP da Austr\u00e1lia e adiamento de outras tr\u00eas corridas, em decorr\u00eancia da epidemia do Coronav\u00edrus: Bahrein, China e Vietn\u00e3. [&hellip;]<\/p>\n","protected":false},"author":96,"featured_media":157059,"comment_status":"closed","ping_status":"closed","sticky":false,"template":"","format":"standard","meta":{"footnotes":""},"categories":[436,257,439],"tags":[],"class_list":["post-157058","post","type-post","status-publish","format-standard","has-post-thumbnail","hentry","category-destaque-da-semana","category-esporte","category-ultima-hora"],"_links":{"self":[{"href":"https:\/\/diarioregionaldigital.com.br\/index.php?rest_route=\/wp\/v2\/posts\/157058","targetHints":{"allow":["GET"]}}],"collection":[{"href":"https:\/\/diarioregionaldigital.com.br\/index.php?rest_route=\/wp\/v2\/posts"}],"about":[{"href":"https:\/\/diarioregionaldigital.com.br\/index.php?rest_route=\/wp\/v2\/types\/post"}],"author":[{"embeddable":true,"href":"https:\/\/diarioregionaldigital.com.br\/index.php?rest_route=\/wp\/v2\/users\/96"}],"replies":[{"embeddable":true,"href":"https:\/\/diarioregionaldigital.com.br\/index.php?rest_route=%2Fwp%2Fv2%2Fcomments&post=157058"}],"version-history":[{"count":0,"href":"https:\/\/diarioregionaldigital.com.br\/index.php?rest_route=\/wp\/v2\/posts\/157058\/revisions"}],"wp:featuredmedia":[{"embeddable":true,"href":"https:\/\/diarioregionaldigital.com.br\/index.php?rest_route=\/wp\/v2\/media\/157059"}],"wp:attachment":[{"href":"https:\/\/diarioregionaldigital.com.br\/index.php?rest_route=%2Fwp%2Fv2%2Fmedia&parent=157058"}],"wp:term":[{"taxonomy":"category","embeddable":true,"href":"https:\/\/diarioregionaldigital.com.br\/index.php?rest_route=%2Fwp%2Fv2%2Fcategories&post=157058"},{"taxonomy":"post_tag","embeddable":true,"href":"https:\/\/diarioregionaldigital.com.br\/index.php?rest_route=%2Fwp%2Fv2%2Ftags&post=157058"}],"curies":[{"name":"wp","href":"https:\/\/api.w.org\/{rel}","templated":true}]}}